{"id":59091,"date":"2018-09-29T09:06:49","date_gmt":"2018-09-29T12:06:49","guid":{"rendered":"http:\/\/portalcatolico.net\/portal\/?p=59091"},"modified":"2018-09-29T09:13:33","modified_gmt":"2018-09-29T12:13:33","slug":"paroquia-em-potiragua-celebra-festa-de-sua-padroeira","status":"publish","type":"post","link":"http:\/\/portalcatolico.net\/portal\/paroquia-em-potiragua-celebra-festa-de-sua-padroeira\/","title":{"rendered":"Par\u00f3quia em Potiragu\u00e1 celebra festa de sua padroeira"},"content":{"rendered":"<p style=\"font-weight: 400;\">A Par\u00f3quia Santa Terezinha do Menino Jesus pertencente \u00e0 Diocese de Itabuna, situada em Potiragu\u00e1 (BA) est\u00e1 celebrando desde o dia 22 o Noven\u00e1rio em honra \u00e0 santa Terezinha do Menino Jesus.<\/p>\n<p style=\"font-weight: 400;\">O&nbsp;Noven\u00e1rio teve in\u00edcio no s\u00e1bado, (22) \u00e0s 15h com missa&nbsp; dos&nbsp;enfermos. \u00c0s 18h, teve abertura da festa com carreata percorrendo as principais&nbsp;ruas da cidade e ben\u00e7\u00e3o dos ve\u00edculos e motoristas.<\/p>\n<p style=\"font-weight: 400;\">O tema geral \u00e9: &#8220;Crist\u00e3os leigos e leigas&nbsp;&nbsp;na&nbsp;Igreja e no mundo&#8221;<\/p>\n<p style=\"font-weight: 400;\">No domingo (30),\u00e0s 15h&nbsp;acontece a tradicional Cavalgada.<\/p>\n<p style=\"font-weight: 400;\">No grande dia festivo 1\u00ba de outubro, que \u00e9 feriado municipal religioso na cidade, a programa\u00e7\u00e3o ser\u00e1 assim:&nbsp;<br \/>\n5h-Alvorada Festiva<br \/>\n9h30- Santa Missa Solene<br \/>\n15h- Batizados<br \/>\n18h-prociss\u00e3o luminosa e b\u00ean\u00e7\u00e3o do Sant\u00edssimo Sacramento.<br \/>\n&nbsp;&nbsp;&nbsp;&nbsp;&nbsp;&nbsp;&nbsp;&nbsp;&nbsp;&nbsp;&nbsp;&nbsp;&nbsp;&nbsp;&nbsp;&nbsp;&nbsp;&nbsp;&nbsp;&nbsp;&nbsp;&nbsp;&nbsp;&nbsp;&nbsp;&nbsp;&nbsp;&nbsp;&nbsp;&nbsp;&nbsp;&nbsp;&nbsp;&nbsp;&nbsp;&nbsp;&nbsp;&nbsp;&nbsp;&nbsp;&nbsp;&nbsp;&nbsp;&nbsp;&nbsp;&nbsp;&nbsp;&nbsp;&nbsp;&nbsp;&nbsp;&nbsp;<\/p>\n<p style=\"font-weight: 400;\"><strong>&nbsp; &nbsp; &nbsp; &nbsp; &nbsp; &nbsp; &nbsp; &nbsp; &nbsp; &nbsp; &nbsp; &nbsp; &nbsp; &nbsp; &nbsp; &nbsp; &nbsp; &nbsp; &nbsp; &nbsp; &nbsp; &nbsp; &nbsp; &nbsp; &nbsp; &nbsp; Conhe\u00e7a um pouco a&nbsp;historia da santa<\/strong><\/p>\n<p style=\"font-weight: 400;\">A vida da Santa Teresinha do Menino Jesus marca na Hist\u00f3ria da Igreja&nbsp;uma nova forma de entregar-se \u00e0 religiosidade. No lugar do medo do &#8220;Deus&nbsp;duro e vingador&#8221;, ela coloca o amor puro e total a Jesus, amor puro,&nbsp;infantil e total, como deixaria registrado nos livros &#8220;Inf\u00e2ncia&nbsp;<br \/>\nEspiritual&#8221; e &#8220;Hist\u00f3ria de uma alma&#8221;. Teresinha na Fran\u00e7a, em 02 de&nbsp;janeiro de 1873. Foi batizada com o nome de Maria Francisca. Nasceu numa&nbsp;fam\u00edlia muito religiosa. Aos quinze anos conseguiu permiss\u00e3o para entrar&nbsp;no o Carmelo, em Lisieux, concedida especial e pessoalmente pelo Papa&nbsp;Le\u00e3o XIII. Sua obra n\u00e3o frutificou pela a\u00e7\u00e3o evangelizadora ou atividade&nbsp;<br \/>\ncaritativa, mas sim em ora\u00e7\u00e3o, sacrif\u00edcios, prova\u00e7\u00f5es, penit\u00eancias e&nbsp;imola\u00e7\u00f5es, santificando o seu cotidiano enquanto carmelita.<br \/>\nTeresinha teve seus \u00faltimos anos consumidos pela terr\u00edvel tuberculose&nbsp;que, no entanto, n\u00e3o venceu sua paci\u00eancia com os des\u00edgnios do Supremo.&nbsp;Morreu em primeiro de outubro de 1897 com vinte e quatro anos, depois de&nbsp;prometer uma chuva de rosas sobre a Terra quando expirasse. Essa chuva&nbsp;ainda cai sobre n\u00f3s, em forma de uma quantidade incalcul\u00e1vel de gra\u00e7as e&nbsp;milagres alcan\u00e7ados atrav\u00e9s de sua interven\u00e7\u00e3o em favor de seus devotos.&nbsp;<br \/>\nO papa Pio XI a chamou de &#8220;Padroeira especial de todos os mission\u00e1rios,&nbsp;homens e mulheres, e das miss\u00f5es existentes em todo o universo&#8221;.<\/p>\n<p>Foto:Acervo\/Portal Cat\u00f3lico.Net<\/p>\n<p>Texto:Portal Cat\u00f3lico.Net<\/p>\n","protected":false},"excerpt":{"rendered":"<p>A Par\u00f3quia Santa Terezinha do Menino Jesus pertencente \u00e0 Diocese de Itabuna, situada em Potiragu\u00e1 (BA) est\u00e1 celebrando desde o dia 22 o Noven\u00e1rio em honra \u00e0 santa Terezinha do Menino Jesus. O&nbsp;Noven\u00e1rio teve in\u00edcio no s\u00e1bado, (22) \u00e0s 15h com missa&nbsp; dos&nbsp;enfermos. \u00c0s 18h, teve abertura da festa com carreata percorrendo as principais&nbsp;ruas da&nbsp;<\/p>\n<p><a class=\"btn btn-style\" href=\"http:\/\/portalcatolico.net\/portal\/paroquia-em-potiragua-celebra-festa-de-sua-padroeira\/\">Continue Reading<\/a><\/p>\n","protected":false},"author":2,"featured_media":58374,"comment_status":"open","ping_status":"open","sticky":false,"template":"","format":"standard","meta":{"footnotes":""},"categories":[3],"tags":[],"class_list":["post-59091","post","type-post","status-publish","format-standard","has-post-thumbnail","hentry","category-noticias_regionais"],"_links":{"self":[{"href":"http:\/\/portalcatolico.net\/portal\/wp-json\/wp\/v2\/posts\/59091","targetHints":{"allow":["GET"]}}],"collection":[{"href":"http:\/\/portalcatolico.net\/portal\/wp-json\/wp\/v2\/posts"}],"about":[{"href":"http:\/\/portalcatolico.net\/portal\/wp-json\/wp\/v2\/types\/post"}],"author":[{"embeddable":true,"href":"http:\/\/portalcatolico.net\/portal\/wp-json\/wp\/v2\/users\/2"}],"replies":[{"embeddable":true,"href":"http:\/\/portalcatolico.net\/portal\/wp-json\/wp\/v2\/comments?post=59091"}],"version-history":[{"count":3,"href":"http:\/\/portalcatolico.net\/portal\/wp-json\/wp\/v2\/posts\/59091\/revisions"}],"predecessor-version":[{"id":59094,"href":"http:\/\/portalcatolico.net\/portal\/wp-json\/wp\/v2\/posts\/59091\/revisions\/59094"}],"wp:featuredmedia":[{"embeddable":true,"href":"http:\/\/portalcatolico.net\/portal\/wp-json\/wp\/v2\/media\/58374"}],"wp:attachment":[{"href":"http:\/\/portalcatolico.net\/portal\/wp-json\/wp\/v2\/media?parent=59091"}],"wp:term":[{"taxonomy":"category","embeddable":true,"href":"http:\/\/portalcatolico.net\/portal\/wp-json\/wp\/v2\/categories?post=59091"},{"taxonomy":"post_tag","embeddable":true,"href":"http:\/\/portalcatolico.net\/portal\/wp-json\/wp\/v2\/tags?post=59091"}],"curies":[{"name":"wp","href":"https:\/\/api.w.org\/{rel}","templated":true}]}}