{"id":59086,"date":"2018-09-28T19:58:03","date_gmt":"2018-09-28T22:58:03","guid":{"rendered":"http:\/\/portalcatolico.net\/portal\/?p=59086"},"modified":"2018-09-28T20:02:53","modified_gmt":"2018-09-28T23:02:53","slug":"paroquia-em-canavieiras-prepara-grande-festa","status":"publish","type":"post","link":"http:\/\/portalcatolico.net\/portal\/paroquia-em-canavieiras-prepara-grande-festa\/","title":{"rendered":"Par\u00f3quia em Canavieiras prepara grande festa"},"content":{"rendered":"<div dir=\"auto\">Nos dias 03 e 04 novembro, a Par\u00f3quia S\u00e3o Boaventura de Canavieiras (BA) ir\u00e1 iniciar\u00e1 os festejos em comemora\u00e7\u00e3o \u00e0s bodas de Esmeralda da Diocese de Itabuna.<\/div>\n<div dir=\"auto\">Para abrilhantar a festa, os fieis poder\u00e3o desfrutar de muitos momentos de ora\u00e7\u00e3o e show com a Banda Colo de Deus.<\/div>\n<div dir=\"auto\">Em breve, voc\u00ea confere aqui, mais informa\u00e7\u00f5es deste evento que est\u00e1 sendo muito esperado.&nbsp;<\/div>\n<div dir=\"auto\">&nbsp;<\/div>\n<div dir=\"auto\">Texto:Portal Cat\u00f3lico.Net<\/div>\n","protected":false},"excerpt":{"rendered":"<p>Nos dias 03 e 04 novembro, a Par\u00f3quia S\u00e3o Boaventura de Canavieiras (BA) ir\u00e1 iniciar\u00e1 os festejos em comemora\u00e7\u00e3o \u00e0s bodas de Esmeralda da Diocese de Itabuna. Para abrilhantar a festa, os fieis poder\u00e3o desfrutar de muitos momentos de ora\u00e7\u00e3o e show com a Banda Colo de Deus. Em breve, voc\u00ea confere aqui, mais informa\u00e7\u00f5es&nbsp;<\/p>\n<p><a class=\"btn btn-style\" href=\"http:\/\/portalcatolico.net\/portal\/paroquia-em-canavieiras-prepara-grande-festa\/\">Continue Reading<\/a><\/p>\n","protected":false},"author":2,"featured_media":59087,"comment_status":"open","ping_status":"open","sticky":false,"template":"","format":"standard","meta":{"footnotes":""},"categories":[4],"tags":[],"class_list":["post-59086","post","type-post","status-publish","format-standard","has-post-thumbnail","hentry","category-destaques"],"_links":{"self":[{"href":"http:\/\/portalcatolico.net\/portal\/wp-json\/wp\/v2\/posts\/59086","targetHints":{"allow":["GET"]}}],"collection":[{"href":"http:\/\/portalcatolico.net\/portal\/wp-json\/wp\/v2\/posts"}],"about":[{"href":"http:\/\/portalcatolico.net\/portal\/wp-json\/wp\/v2\/types\/post"}],"author":[{"embeddable":true,"href":"http:\/\/portalcatolico.net\/portal\/wp-json\/wp\/v2\/users\/2"}],"replies":[{"embeddable":true,"href":"http:\/\/portalcatolico.net\/portal\/wp-json\/wp\/v2\/comments?post=59086"}],"version-history":[{"count":3,"href":"http:\/\/portalcatolico.net\/portal\/wp-json\/wp\/v2\/posts\/59086\/revisions"}],"predecessor-version":[{"id":59090,"href":"http:\/\/portalcatolico.net\/portal\/wp-json\/wp\/v2\/posts\/59086\/revisions\/59090"}],"wp:featuredmedia":[{"embeddable":true,"href":"http:\/\/portalcatolico.net\/portal\/wp-json\/wp\/v2\/media\/59087"}],"wp:attachment":[{"href":"http:\/\/portalcatolico.net\/portal\/wp-json\/wp\/v2\/media?parent=59086"}],"wp:term":[{"taxonomy":"category","embeddable":true,"href":"http:\/\/portalcatolico.net\/portal\/wp-json\/wp\/v2\/categories?post=59086"},{"taxonomy":"post_tag","embeddable":true,"href":"http:\/\/portalcatolico.net\/portal\/wp-json\/wp\/v2\/tags?post=59086"}],"curies":[{"name":"wp","href":"https:\/\/api.w.org\/{rel}","templated":true}]}}