{"id":59083,"date":"2018-09-28T19:53:42","date_gmt":"2018-09-28T22:53:42","guid":{"rendered":"http:\/\/portalcatolico.net\/portal\/?p=59083"},"modified":"2018-09-28T21:25:23","modified_gmt":"2018-09-29T00:25:23","slug":"discernimento-eleitoral","status":"publish","type":"post","link":"http:\/\/portalcatolico.net\/portal\/discernimento-eleitoral\/","title":{"rendered":"Discernimento eleitoral"},"content":{"rendered":"<p>As elei\u00e7\u00f5es deste ano podem ser consideradas as mais exigentes desde a redemocratiza\u00e7\u00e3o do Brasil. N\u00e3o basta simplesmente comparecer \u00e0s urnas, sem compromisso com o voto consciente. Cresce a convic\u00e7\u00e3o a respeito da necessidade de se escolher bem, buscando evitar o voto branco ou nulo. Quem desconsidera a pr\u00f3pria import\u00e2ncia na defini\u00e7\u00e3o dos rumos do pa\u00eds adota postura antidemocr\u00e1tica, pois todos devem reconhecer: o voto consciente \u00e9 essencial na tarefa de reconduzir o Brasil aos par\u00e2metros republicanos, a partir de escolhas que sejam \u201cbroto de esperan\u00e7a\u201d para a na\u00e7\u00e3o.<\/p>\n<p>Quem \u00e9 capaz de ser presidente do Brasil? Como compor adequada e qualificadamente a representa\u00e7\u00e3o na C\u00e2mara, Senado e nas Assembleias Legislativas?&nbsp; A quem confiar o voto para governador de Estado? Essas quest\u00f5es devem inspirar processos de reflex\u00e3o em todos os eleitores, no momento que precede o dia de vota\u00e7\u00e3o. A cada eleitor, pede-se o necess\u00e1rio discernimento eleitoral. E esse exerc\u00edcio, reconhe\u00e7a-se, est\u00e1 ocorrendo sobre os trilhos de uma democracia muito fr\u00e1gil e desfigurada. Infelizmente, interesses cartoriais, de grupos, partidos, oligarquias, que ferem o bem comum, distantes de par\u00e2metros republicanos, minam a credibilidade das institui\u00e7\u00f5es. Por isso, o horizonte eleitoral na sociedade brasileira est\u00e1 t\u00e3o contaminado por pr\u00e1ticas lament\u00e1veis, percebidas, por exemplo, nas campanhas de candidatos no r\u00e1dio, TV e internet.<\/p>\n<p>Os frequentes ataques pessoais para tentar convencer o eleitor causam tristeza. Opta-se por dizer que o outro n\u00e3o presta, em vez de se apresentar boas ideias, ou de se conquistar o voto cultivando autoridade moral. A atual configura\u00e7\u00e3o do cen\u00e1rio partid\u00e1rio tamb\u00e9m prejudica o discernimento dos eleitores, pois prevalece, nos programas das legendas, uma perspectiva estereotipada, que reduz partidos a concep\u00e7\u00f5es de \u201cesquerda\u201d, \u201cdireita\u201d ou \u201ccentr\u00e3o\u201d. E a ideologia, n\u00e3o raramente, ganha tanta for\u00e7a que pode eleger quem n\u00e3o tem capacidade para exercer o poder. Todas essas complexidades n\u00e3o podem desanimar o eleitor, pois as elei\u00e7\u00f5es 2018, mais do que simplesmente definir os que exercer\u00e3o a representa\u00e7\u00e3o pol\u00edtica no pr\u00f3ximo quadri\u00eanio, poder\u00e3o, ou n\u00e3o, ser o ponto de partida para superar d\u00e9cadas de atraso.<\/p>\n<p>Embora se reconhe\u00e7a a import\u00e2ncia da configura\u00e7\u00e3o partid\u00e1ria, especialmente na composi\u00e7\u00e3o das casas legislativas \u2013 t\u00e3o relevantes quanto o Poder Executivo \u2013 vale muito considerar, na atualidade, a capacidade de cada indiv\u00edduo que se candidata. Nunca foi t\u00e3o determinante, como agora, a qualifica\u00e7\u00e3o cidad\u00e3 e moral dos pol\u00edticos que ser\u00e3o eleitos. Todos sabem que promessas de campanha s\u00e3o comuns. A sociedade brasileira est\u00e1 cansada do que \u00e9 prometido, mas nunca cumprido. Propostas que, posteriormente, s\u00e3o esquecidas em raz\u00e3o de interesses mesquinhos e esp\u00farios. Por isso mesmo, os crit\u00e9rios centrais na defini\u00e7\u00e3o do voto devem ser a envergadura moral, a compet\u00eancia relacional, a capacidade gerencial e o car\u00e1ter de cada candidato.<\/p>\n<p>O Brasil precisa, nas inst\u00e2ncias do poder, de homens e mulheres que priorizem o bem comum. N\u00e3o \u00e9 f\u00e1cil a tarefa de reconhecer os nomes mais adequados. Nesse exerc\u00edcio, \u00e9 muito necess\u00e1rio redobrar o cuidado para n\u00e3o se apegar somente \u00e0s ideologias, que cooptam e seduzem, encobertando certos absurdos e disparates. O foco do eleitor deve estar na trajet\u00f3ria de quem se candidata para tornar-se representante do povo, identificando a presen\u00e7a ou a aus\u00eancia de qualidades que s\u00e3o imprescind\u00edveis para os que buscam ocupar cargos no poder. Aos oportunistas e aos iludidos a respeito da pr\u00f3pria capacidade, n\u00e3o seja concedida a autoridade para determinar os rumos do pa\u00eds.<\/p>\n<p>Os eleitos precisam ser capazes de conduzir a na\u00e7\u00e3o rumo a caminhos novos, fora dos esquemas de favorecimento, da corrup\u00e7\u00e3o, de tudo o que impede o Brasil de viver um desenvolvimento integral.&nbsp; Os nomes est\u00e3o circulando &#8211; na m\u00eddia, nas redes sociais, nos panfletos e nas bandeiras. Cabe ao eleitor exercer o qualificado discernimento na defini\u00e7\u00e3o de suas escolhas. Uma tarefa a ser assumida por todos, para que as elei\u00e7\u00f5es 2018 n\u00e3o sejam, mais tarde, percebidas e lamentadas como mais um fracasso da sociedade brasileira.<\/p>\n<p>Foto:Divulga\u00e7\u00e3o<\/p>\n<p>Dom Walmor Oliveira de Azevedo<\/p>\n<p>Arcebispo metropolitano de Belo Horizonte(MG)<\/p>\n","protected":false},"excerpt":{"rendered":"<p>As elei\u00e7\u00f5es deste ano podem ser consideradas as mais exigentes desde a redemocratiza\u00e7\u00e3o do Brasil. N\u00e3o basta simplesmente comparecer \u00e0s urnas, sem compromisso com o voto consciente. Cresce a convic\u00e7\u00e3o a respeito da necessidade de se escolher bem, buscando evitar o voto branco ou nulo. Quem desconsidera a pr\u00f3pria import\u00e2ncia na defini\u00e7\u00e3o dos rumos do&nbsp;<\/p>\n<p><a class=\"btn btn-style\" href=\"http:\/\/portalcatolico.net\/portal\/discernimento-eleitoral\/\">Continue Reading<\/a><\/p>\n","protected":false},"author":2,"featured_media":59084,"comment_status":"open","ping_status":"open","sticky":false,"template":"","format":"standard","meta":{"footnotes":""},"categories":[69],"tags":[],"class_list":["post-59083","post","type-post","status-publish","format-standard","has-post-thumbnail","hentry","category-artigos"],"_links":{"self":[{"href":"http:\/\/portalcatolico.net\/portal\/wp-json\/wp\/v2\/posts\/59083","targetHints":{"allow":["GET"]}}],"collection":[{"href":"http:\/\/portalcatolico.net\/portal\/wp-json\/wp\/v2\/posts"}],"about":[{"href":"http:\/\/portalcatolico.net\/portal\/wp-json\/wp\/v2\/types\/post"}],"author":[{"embeddable":true,"href":"http:\/\/portalcatolico.net\/portal\/wp-json\/wp\/v2\/users\/2"}],"replies":[{"embeddable":true,"href":"http:\/\/portalcatolico.net\/portal\/wp-json\/wp\/v2\/comments?post=59083"}],"version-history":[{"count":1,"href":"http:\/\/portalcatolico.net\/portal\/wp-json\/wp\/v2\/posts\/59083\/revisions"}],"predecessor-version":[{"id":59085,"href":"http:\/\/portalcatolico.net\/portal\/wp-json\/wp\/v2\/posts\/59083\/revisions\/59085"}],"wp:featuredmedia":[{"embeddable":true,"href":"http:\/\/portalcatolico.net\/portal\/wp-json\/wp\/v2\/media\/59084"}],"wp:attachment":[{"href":"http:\/\/portalcatolico.net\/portal\/wp-json\/wp\/v2\/media?parent=59083"}],"wp:term":[{"taxonomy":"category","embeddable":true,"href":"http:\/\/portalcatolico.net\/portal\/wp-json\/wp\/v2\/categories?post=59083"},{"taxonomy":"post_tag","embeddable":true,"href":"http:\/\/portalcatolico.net\/portal\/wp-json\/wp\/v2\/tags?post=59083"}],"curies":[{"name":"wp","href":"https:\/\/api.w.org\/{rel}","templated":true}]}}