{"id":59080,"date":"2018-09-28T08:07:17","date_gmt":"2018-09-28T11:07:17","guid":{"rendered":"http:\/\/portalcatolico.net\/portal\/?p=59080"},"modified":"2018-09-28T08:07:33","modified_gmt":"2018-09-28T11:07:33","slug":"papa-francisco-o-matrimonio-nao-e-um-evento-social-e-um-verdadeiro-sacramento","status":"publish","type":"post","link":"http:\/\/portalcatolico.net\/portal\/papa-francisco-o-matrimonio-nao-e-um-evento-social-e-um-verdadeiro-sacramento\/","title":{"rendered":"Papa Francisco: O matrim\u00f4nio n\u00e3o \u00e9 um evento social, \u00e9 um verdadeiro Sacramento"},"content":{"rendered":"<p>O Papa Francisco afirmou que \u201co matrim\u00f4nio n\u00e3o \u00e9 somente um evento \u2018social\u2019, mas um verdadeiro Sacramento que comporta uma prepara\u00e7\u00e3o adequada e uma celebra\u00e7\u00e3o consciente\u201d.<\/p>\n<p>O Pont\u00edfice dez esta declara\u00e7\u00e3o em um discurso pronunciado na Bas\u00edlica de S\u00e3o Jo\u00e3o de Latr\u00e3o aos participantes do curso promovido pela Diocese de Roma e o Tribunal da Rota sobre matrim\u00f4nio e fam\u00edlia.<\/p>\n<p>O objetivo do curso era \u201cexaminar os desafios e projetos pastorais relacionados \u00e0 fam\u00edlia, considerada&nbsp;Igreja&nbsp;dom\u00e9stica e santu\u00e1rio da&nbsp;vida&#8221;.<\/p>\n<p>Francisco assinalou em seu discurso que \u201co v\u00ednculo matrimonial requer da parte dos noivos uma escolha consciente, que pondere a vontade de construir juntos algo que jamais dever\u00e1 ser tra\u00eddo ou abandonado\u201d.<\/p>\n<p>Em muitas ocasi\u00f5es, \u201ca raiz \u00faltima dos problemas, que se apresentam ap\u00f3s a celebra\u00e7\u00e3o do sacramento nupcial, deve se procurar n\u00e3o somente numa imaturidade escondida e remota manifesta inesperadamente, mas, sobretudo na fraqueza da f\u00e9 crist\u00e3 e na falta de acompanhamento eclesial\u201d.<\/p>\n<p>Por isso, o Pont\u00edfice destacou a necessidade de &#8220;um catecumenato permanente para o Sacramento do matrim\u00f4nio que diz respeito \u00e0 sua prepara\u00e7\u00e3o, celebra\u00e7\u00e3o e aos primeiros tempos sucessivos. \u00c9 um caminho partilhado entre sacerdotes, agentes pastorais e esposos crist\u00e3os\u201d.<\/p>\n<p>&#8220;O acompanhando do ministro ordin\u00e1rio ajudar\u00e1 os futuros esposos a compreender que o casamento entre um homem e uma mulher \u00e9 sinal de uni\u00e3o esponsal entre Cristo e a Igreja, tornando-se conscientes do significado profundo do passo que est\u00e3o dando\u201d.<\/p>\n<p>Sublinhou que \u201cnos cursos de prepara\u00e7\u00e3o para o matrim\u00f4nio \u00e9 indispens\u00e1vel retomar a catequese de inicia\u00e7\u00e3o crist\u00e3 \u00e0 f\u00e9, cujos conte\u00fados devem ser lidos pelos esposos&#8221;.<\/p>\n<p>\u201cAtrav\u00e9s de uma atitude de acolhida sincera do casal, uma linguagem adequada e uma apresenta\u00e7\u00e3o clara dos conte\u00fados, \u00e9 poss\u00edvel ativar din\u00e2micas que superem lacunas difusas: seja a falta de forma\u00e7\u00e3o catequ\u00e9tica, a car\u00eancia de um sentido filial da Igreja&#8230;\u201d.<\/p>\n<p>Finalmente, indicou que \u201ca maior efic\u00e1cia do cuidado pastoral se realiza onde o acompanhamento n\u00e3o cessa com a celebra\u00e7\u00e3o das n\u00fapcias, prossegue ao menos nos primeiros anos de vida conjugal\u201d.<\/p>\n<p>Por esse motivo, prop\u00f4s &#8220;col\u00f3quios personalizados com os col\u00f3quios e momentos comunit\u00e1rios para tentar ajud\u00e1-los com os instrumentos e com o apoio necess\u00e1rio para viver a sua voca\u00e7\u00e3o\u201d.(ACI Digital)<\/p>\n<p>Papa Francisco em S\u00e3o Jo\u00e3o de Latr\u00e3o. Foto: Vatican Media<\/p>\n","protected":false},"excerpt":{"rendered":"<p>O Papa Francisco afirmou que \u201co matrim\u00f4nio n\u00e3o \u00e9 somente um evento \u2018social\u2019, mas um verdadeiro Sacramento que comporta uma prepara\u00e7\u00e3o adequada e uma celebra\u00e7\u00e3o consciente\u201d. O Pont\u00edfice dez esta declara\u00e7\u00e3o em um discurso pronunciado na Bas\u00edlica de S\u00e3o Jo\u00e3o de Latr\u00e3o aos participantes do curso promovido pela Diocese de Roma e o Tribunal da&nbsp;<\/p>\n<p><a class=\"btn btn-style\" href=\"http:\/\/portalcatolico.net\/portal\/papa-francisco-o-matrimonio-nao-e-um-evento-social-e-um-verdadeiro-sacramento\/\">Continue Reading<\/a><\/p>\n","protected":false},"author":2,"featured_media":59081,"comment_status":"open","ping_status":"open","sticky":false,"template":"","format":"standard","meta":{"footnotes":""},"categories":[5],"tags":[],"class_list":["post-59080","post","type-post","status-publish","format-standard","has-post-thumbnail","hentry","category-igreja_no_mundo"],"_links":{"self":[{"href":"http:\/\/portalcatolico.net\/portal\/wp-json\/wp\/v2\/posts\/59080","targetHints":{"allow":["GET"]}}],"collection":[{"href":"http:\/\/portalcatolico.net\/portal\/wp-json\/wp\/v2\/posts"}],"about":[{"href":"http:\/\/portalcatolico.net\/portal\/wp-json\/wp\/v2\/types\/post"}],"author":[{"embeddable":true,"href":"http:\/\/portalcatolico.net\/portal\/wp-json\/wp\/v2\/users\/2"}],"replies":[{"embeddable":true,"href":"http:\/\/portalcatolico.net\/portal\/wp-json\/wp\/v2\/comments?post=59080"}],"version-history":[{"count":1,"href":"http:\/\/portalcatolico.net\/portal\/wp-json\/wp\/v2\/posts\/59080\/revisions"}],"predecessor-version":[{"id":59082,"href":"http:\/\/portalcatolico.net\/portal\/wp-json\/wp\/v2\/posts\/59080\/revisions\/59082"}],"wp:featuredmedia":[{"embeddable":true,"href":"http:\/\/portalcatolico.net\/portal\/wp-json\/wp\/v2\/media\/59081"}],"wp:attachment":[{"href":"http:\/\/portalcatolico.net\/portal\/wp-json\/wp\/v2\/media?parent=59080"}],"wp:term":[{"taxonomy":"category","embeddable":true,"href":"http:\/\/portalcatolico.net\/portal\/wp-json\/wp\/v2\/categories?post=59080"},{"taxonomy":"post_tag","embeddable":true,"href":"http:\/\/portalcatolico.net\/portal\/wp-json\/wp\/v2\/tags?post=59080"}],"curies":[{"name":"wp","href":"https:\/\/api.w.org\/{rel}","templated":true}]}}