{"id":59073,"date":"2018-09-27T23:43:47","date_gmt":"2018-09-28T02:43:47","guid":{"rendered":"http:\/\/portalcatolico.net\/portal\/?p=59073"},"modified":"2018-09-28T07:52:25","modified_gmt":"2018-09-28T10:52:25","slug":"paroquia-em-itabuna-celebra-investidura-de-novos-ministros-da-sagrada-comunhao","status":"publish","type":"post","link":"http:\/\/portalcatolico.net\/portal\/paroquia-em-itabuna-celebra-investidura-de-novos-ministros-da-sagrada-comunhao\/","title":{"rendered":"Paroquia em Itabuna celebra investidura de novos Ministros da Sagrada Comunh\u00e3o"},"content":{"rendered":"<div dir=\"auto\">A par\u00f3quia Santa Rita de C\u00e1ssia na cidade e diocese de Itabuna, no sul baiano, celebrou na noite desta quinta-feira, 27 de setembro,&nbsp; a cerim\u00f4nia de investidura dos Ministros Extraordin\u00e1rios da Sagrada Comunh\u00e3o.&nbsp;<\/div>\n<div dir=\"auto\">&nbsp;<\/div>\n<div dir=\"auto\">Ao longo dos meses, eles participaram de forma\u00e7\u00f5es lit\u00fargicas e vivenciaram momentos de espiritualidade eucar\u00edstica.&nbsp;<\/div>\n<div dir=\"auto\">&nbsp;<\/div>\n<div dir=\"auto\">Ao todo s\u00e3o 41 ministros, sendo tr\u00eas irm\u00e3s Franciscanas, que v\u00e3o exercer nos pr\u00f3ximos dois anos a miss\u00e3o de distribuir a comunh\u00e3o na missa, aos doentes que n\u00e3o podem ir at\u00e9 \u00e0 igreja, celebrar as ex\u00e9quias e expor o Sant\u00edssimo Sacramento para a adora\u00e7\u00e3o dos fi\u00e9is, mas sem a ben\u00e7\u00e3o do mesmo.&nbsp;<\/div>\n<div dir=\"auto\">Cada novo ministro fica nessa fun\u00e7\u00e3o dois anos com o desejo de continuar construindo uma Igreja viva, participativa, comunidade de f\u00e9, centrada na Eucaristia e na Palavra de Deus.<\/div>\n<div dir=\"auto\">&nbsp;<\/div>\n<div dir=\"auto\">A missa solene de hoje aconteceu \u00e0s 19h, e nela ocorreu o rito da investidura de 20 novos Ministros Extraordin\u00e1rios da Sagrada Comunh\u00e3o, al\u00e9m da renova\u00e7\u00e3o dos votos de 18 Ministros veteranos.&nbsp;<\/div>\n<div dir=\"auto\">A missa foi presidida pelo p\u00e1roco, o Pe. Frei Jose Gen\u00edlton Castro e concelebrada pelo vig\u00e1rio paroquial, o Pe. Frei Carlos In\u00e1cio que aben\u00e7oaram as vestes lit\u00fargicas, receberam os votos de aceita\u00e7\u00e3o e fizeram a aspers\u00e3o da \u00e1gua benta, sobre os novos ministros. Antes de assumirem as suas fun\u00e7\u00f5es, os rec\u00e9m-investidos e tamb\u00e9m os veteranos, receberam uma forma\u00e7\u00e3o lit\u00fargica e doutrinal para que possam exercer a sua fun\u00e7\u00e3o com a m\u00e1xima dignidade e decoro.<\/div>\n<div dir=\"auto\">&nbsp;<\/div>\n<div dir=\"auto\">Os ministros da Comunh\u00e3o Eucar\u00edstica devem colocar seu minist\u00e9rio acima de tudo, isto implica disponibilidade e presteza. Deve saber que ao transportar a Eucaristia para as pessoas enfermas deve lembrar que neste momento ele se transforma em um sacr\u00e1rio vivo. Por isso dever\u00e1 faz\u00ea-lo respeitosamente e durante o trajeto procurar fazer ora\u00e7\u00f5es e estar sempre em adora\u00e7\u00e3o. Tudo acaba se convergindo a Eucaristia e todo o verdadeiro disc\u00edpulo acaba por se tornar um mission\u00e1rio, pois a Eucaristia \u00e9 um impulso a levar a Boa Not\u00edcia de Jesus aos mais pobres, famintos e deserdados desta terra um impulso de amor e fraternidade que exige tamb\u00e9m a levar o anuncio do reino.&nbsp;<\/div>\n<div dir=\"auto\">&nbsp;<\/div>\n<div dir=\"auto\">O ato de investidura faz men\u00e7\u00e3o \u00e0 purifica\u00e7\u00e3o do indiv\u00edduo ( aspers\u00e3o de \u00e1gua benta no blazer do ministro e ora\u00e7\u00e3o ) momento de profiss\u00e3o de f\u00e9 e juramento ao servi\u00e7o Ministerial Eucar\u00edstico e o ato simb\u00f3lico de vestir o blazer por um &#8221; padrinho&#8221; no qual ser\u00e1 sua testemunha o qual na prociss\u00e3o de entrada carrega o blazer nos bra\u00e7os estendidos.<\/div>\n<div dir=\"auto\">&nbsp;<\/div>\n<div dir=\"auto\">Texto,fotos e v\u00eddeo: Portal Cat\u00f3lico.Net<\/div>\n<div dir=\"auto\">&nbsp;<\/div>\n<div dir=\"auto\">\u00c1lbuns de fotos. <a href=\"http:\/\/portalcatolico.net\/portal\/investidura-de-ministros-da-comunhao\/\"><span style=\"color: #ff0000;\"><strong>CLIQUE AQUI E CONFIRA<\/strong><\/span><\/a><\/div>\n<div dir=\"auto\">&nbsp;<\/div>\n<div dir=\"auto\">ASSISTA O V\u00cdDEO: <a href=\"https:\/\/www.youtube.com\/watch?v=fwa6Nc484DY&amp;feature=share\">https:\/\/www.youtube.com\/watch?v=fwa6Nc484DY&amp;feature=share&nbsp;<\/a><\/div>\n<div dir=\"auto\">&nbsp;<\/div>\n<div dir=\"auto\">&nbsp;<\/div>\n","protected":false},"excerpt":{"rendered":"<p>A par\u00f3quia Santa Rita de C\u00e1ssia na cidade e diocese de Itabuna, no sul baiano, celebrou na noite desta quinta-feira, 27 de setembro,&nbsp; a cerim\u00f4nia de investidura dos Ministros Extraordin\u00e1rios da Sagrada Comunh\u00e3o.&nbsp; &nbsp; Ao longo dos meses, eles participaram de forma\u00e7\u00f5es lit\u00fargicas e vivenciaram momentos de espiritualidade eucar\u00edstica.&nbsp; &nbsp; Ao todo s\u00e3o 41 ministros,&nbsp;<\/p>\n<p><a class=\"btn btn-style\" href=\"http:\/\/portalcatolico.net\/portal\/paroquia-em-itabuna-celebra-investidura-de-novos-ministros-da-sagrada-comunhao\/\">Continue Reading<\/a><\/p>\n","protected":false},"author":2,"featured_media":59074,"comment_status":"open","ping_status":"open","sticky":false,"template":"","format":"standard","meta":{"footnotes":""},"categories":[4],"tags":[],"class_list":["post-59073","post","type-post","status-publish","format-standard","has-post-thumbnail","hentry","category-destaques"],"_links":{"self":[{"href":"http:\/\/portalcatolico.net\/portal\/wp-json\/wp\/v2\/posts\/59073","targetHints":{"allow":["GET"]}}],"collection":[{"href":"http:\/\/portalcatolico.net\/portal\/wp-json\/wp\/v2\/posts"}],"about":[{"href":"http:\/\/portalcatolico.net\/portal\/wp-json\/wp\/v2\/types\/post"}],"author":[{"embeddable":true,"href":"http:\/\/portalcatolico.net\/portal\/wp-json\/wp\/v2\/users\/2"}],"replies":[{"embeddable":true,"href":"http:\/\/portalcatolico.net\/portal\/wp-json\/wp\/v2\/comments?post=59073"}],"version-history":[{"count":4,"href":"http:\/\/portalcatolico.net\/portal\/wp-json\/wp\/v2\/posts\/59073\/revisions"}],"predecessor-version":[{"id":59079,"href":"http:\/\/portalcatolico.net\/portal\/wp-json\/wp\/v2\/posts\/59073\/revisions\/59079"}],"wp:featuredmedia":[{"embeddable":true,"href":"http:\/\/portalcatolico.net\/portal\/wp-json\/wp\/v2\/media\/59074"}],"wp:attachment":[{"href":"http:\/\/portalcatolico.net\/portal\/wp-json\/wp\/v2\/media?parent=59073"}],"wp:term":[{"taxonomy":"category","embeddable":true,"href":"http:\/\/portalcatolico.net\/portal\/wp-json\/wp\/v2\/categories?post=59073"},{"taxonomy":"post_tag","embeddable":true,"href":"http:\/\/portalcatolico.net\/portal\/wp-json\/wp\/v2\/tags?post=59073"}],"curies":[{"name":"wp","href":"https:\/\/api.w.org\/{rel}","templated":true}]}}