{"id":58910,"date":"2018-09-27T18:37:40","date_gmt":"2018-09-27T21:37:40","guid":{"rendered":"http:\/\/portalcatolico.net\/portal\/?p=58910"},"modified":"2018-09-27T18:41:40","modified_gmt":"2018-09-27T21:41:40","slug":"padre-junior-toma-posse-em-paroquia-de-itabuna","status":"publish","type":"post","link":"http:\/\/portalcatolico.net\/portal\/padre-junior-toma-posse-em-paroquia-de-itabuna\/","title":{"rendered":"Padre J\u00fanior toma posse em par\u00f3quia de Itabuna"},"content":{"rendered":"<p style=\"font-weight: 400;\">Nesta quarta-feira, 26 de setembro, foi realizada a posse do Pe. Reinaldo Jacinto J\u00fanior por volta das 19h, na Par\u00f3quia Santa In\u00eas, do bairro Santa In\u00eas, em Itabuna (BA).<\/p>\n<p style=\"font-weight: 400;\">Padre Reinaldo Jacinto J\u00fanior estava desde janeiro de 2018, emprestado da Diocese de Palmeira dos \u00cdndios em Alagoas, e agora, o sacerdote vai exercer a fun\u00e7\u00e3o de administrador paroquial da Par\u00f3quia Santa In\u00eas, sucedendo assim, o Padre Ac\u00e1ssio Alves (que foi transferido para a Par\u00f3quia S\u00e3o Judas Tadeu em 29 de janeiro deste ano).<\/p>\n<p style=\"font-weight: 400;\">Na oportunidade, antes do ritual de posse, Dom Carlos relembrou que o m\u00eas de setembro \u00e9 o m\u00eas da B\u00edblia e ressaltou que&nbsp;&nbsp;a palavra de Deus mostra o caminho a seguir.<\/p>\n<p style=\"font-weight: 400;\">Na solenidade de posse, conforme o ritual, foi lido pelo vig\u00e1rio geral da Diocese de Itabuna e p\u00e1roco na Par\u00f3quia Nossa Senhora de F\u00e1tima, o Monsenhor Nicolau Klak, o teor da provis\u00e3o de posse can\u00f4nica. Dentre os momentos mais marcantes, destacaram-se a entrega do Evangeli\u00e1rio pelo Bispo Dom Carlos Alberto ao Padre Reinaldo Jacinto J\u00fanior, para que este proclamasse o Evangelho do dia. Na celebra\u00e7\u00e3o, Dom Carlos Alberto entregou tamb\u00e9m ao novo administrador paroquial, os sinais que fazem parte do minist\u00e9rio: a B\u00edblia Sagrada, as chaves da Igreja e a chave do Sacr\u00e1rio, pois cabe ao padre zelar para que a Eucaristia seja o centro de toda a vida da par\u00f3quia.<\/p>\n<p style=\"font-weight: 400;\">Em seguida, o Padre Reinaldo Jacinto J\u00fanior abriu o Sacr\u00e1rio e fez um breve momento de adora\u00e7\u00e3o ao Jesus Eucar\u00edstico, juntamente com o bispo e alguns padres. O sacerdote recebeu do bispo a estola roxa para o uso cotidiano e fez o juramento de fidelidade, segundo a f\u00f3rmula aprovada pela Santa S\u00e9.<\/p>\n<p style=\"font-weight: 400;\">Ao final da celebra\u00e7\u00e3o, foi feita a assinatura do documento de posse can\u00f4nica por Dom Carlos.<\/p>\n<p style=\"font-weight: 400;\">&nbsp;O padre empossado e os demais padres presentes na celebra\u00e7\u00e3o participaram da santa missa de posse que contou com a presen\u00e7a de familiares do novo p\u00e1roco.<\/p>\n<p style=\"font-weight: 400;\">Em seu discurso, Padre Junior aproveitou o momento para fazer os agradecimentos: &#8220;Neste dia quero agradecer a Deus, a Nossa Senhora Santa In\u00eas, agradecer ao Bispo Dom Carlos&#8221;.<\/p>\n<p>Texto,fotos e videos:Portal Cat\u00f3lico.Net<\/p>\n<p>\u00c1lbuns de fotos. <span style=\"color: #ff0000;\"><strong><a href=\"http:\/\/portalcatolico.net\/portal\/posse-de-padre-junior-2018-em-itabuna\/nggallery\/page\/2\">Clique aqui<\/a>&nbsp;<\/strong><\/span><\/p>\n<p><iframe loading=\"lazy\"  id=\"_ytid_12988\"  width=\"480\" height=\"270\"  data-origwidth=\"480\" data-origheight=\"270\" src=\"https:\/\/www.youtube.com\/embed\/1-CjHVsVlXg?enablejsapi=1&#038;autoplay=0&#038;cc_load_policy=0&#038;cc_lang_pref=&#038;iv_load_policy=1&#038;loop=0&#038;rel=1&#038;fs=1&#038;playsinline=0&#038;autohide=2&#038;theme=dark&#038;color=red&#038;controls=1&#038;disablekb=0&#038;\" class=\"__youtube_prefs__  epyt-is-override  no-lazyload\" title=\"YouTube player\"  allow=\"fullscreen; accelerometer; autoplay; clipboard-write; encrypted-media; gyroscope; picture-in-picture; web-share\" referrerpolicy=\"strict-origin-when-cross-origin\" allowfullscreen data-no-lazy=\"1\" data-skipgform_ajax_framebjll=\"\"><\/iframe><\/p>\n","protected":false},"excerpt":{"rendered":"<p>Nesta quarta-feira, 26 de setembro, foi realizada a posse do Pe. Reinaldo Jacinto J\u00fanior por volta das 19h, na Par\u00f3quia Santa In\u00eas, do bairro Santa In\u00eas, em Itabuna (BA). Padre Reinaldo Jacinto J\u00fanior estava desde janeiro de 2018, emprestado da Diocese de Palmeira dos \u00cdndios em Alagoas, e agora, o sacerdote vai exercer a fun\u00e7\u00e3o&nbsp;<\/p>\n<p><a class=\"btn btn-style\" href=\"http:\/\/portalcatolico.net\/portal\/padre-junior-toma-posse-em-paroquia-de-itabuna\/\">Continue Reading<\/a><\/p>\n","protected":false},"author":2,"featured_media":58911,"comment_status":"open","ping_status":"open","sticky":false,"template":"","format":"standard","meta":{"footnotes":""},"categories":[68],"tags":[],"class_list":["post-58910","post","type-post","status-publish","format-standard","has-post-thumbnail","hentry","category-homilias"],"_links":{"self":[{"href":"http:\/\/portalcatolico.net\/portal\/wp-json\/wp\/v2\/posts\/58910","targetHints":{"allow":["GET"]}}],"collection":[{"href":"http:\/\/portalcatolico.net\/portal\/wp-json\/wp\/v2\/posts"}],"about":[{"href":"http:\/\/portalcatolico.net\/portal\/wp-json\/wp\/v2\/types\/post"}],"author":[{"embeddable":true,"href":"http:\/\/portalcatolico.net\/portal\/wp-json\/wp\/v2\/users\/2"}],"replies":[{"embeddable":true,"href":"http:\/\/portalcatolico.net\/portal\/wp-json\/wp\/v2\/comments?post=58910"}],"version-history":[{"count":4,"href":"http:\/\/portalcatolico.net\/portal\/wp-json\/wp\/v2\/posts\/58910\/revisions"}],"predecessor-version":[{"id":58915,"href":"http:\/\/portalcatolico.net\/portal\/wp-json\/wp\/v2\/posts\/58910\/revisions\/58915"}],"wp:featuredmedia":[{"embeddable":true,"href":"http:\/\/portalcatolico.net\/portal\/wp-json\/wp\/v2\/media\/58911"}],"wp:attachment":[{"href":"http:\/\/portalcatolico.net\/portal\/wp-json\/wp\/v2\/media?parent=58910"}],"wp:term":[{"taxonomy":"category","embeddable":true,"href":"http:\/\/portalcatolico.net\/portal\/wp-json\/wp\/v2\/categories?post=58910"},{"taxonomy":"post_tag","embeddable":true,"href":"http:\/\/portalcatolico.net\/portal\/wp-json\/wp\/v2\/tags?post=58910"}],"curies":[{"name":"wp","href":"https:\/\/api.w.org\/{rel}","templated":true}]}}