{"id":58907,"date":"2018-09-27T13:58:46","date_gmt":"2018-09-27T16:58:46","guid":{"rendered":"http:\/\/portalcatolico.net\/portal\/?p=58907"},"modified":"2018-09-27T13:58:46","modified_gmt":"2018-09-27T16:58:46","slug":"ouca-a-musica-igreja-das-maos-ensanguentadas","status":"publish","type":"post","link":"http:\/\/portalcatolico.net\/portal\/ouca-a-musica-igreja-das-maos-ensanguentadas\/","title":{"rendered":"Ou\u00e7a a m\u00fasica \u201cIgreja das M\u00e3os Ensanguentadas\u201d"},"content":{"rendered":"<h4>Uma can\u00e7\u00e3o que fala sobre a constru\u00e7\u00e3o da Igreja MEJ, composta por Julio e Rog\u00e9rio, do Minist\u00e9rio Excelsis<\/h4>\n<p>Neste ano de 2018, as obras para constru\u00e7\u00e3o da Igreja das M\u00e3os Ensanguentadas de Jesus est\u00e3o a todo vapor. J\u00e1 aconteceram v\u00e1rias etapas dos alicerces:&nbsp;terraplenagem&nbsp;do terreno,&nbsp;demarca\u00e7\u00e3oe&nbsp;coloca\u00e7\u00e3o&nbsp;das estacas, b\u00ean\u00e7\u00e3o da&nbsp;Pedra Fundamental&nbsp;e da&nbsp;terra boa do seu cora\u00e7\u00e3o&nbsp;(enviada pelos devotos), entre outras etapas que ainda est\u00e3o em andamento, devido ao tamanho da obra \u2013 mais de 10 mil\u00b2 de constru\u00e7\u00e3o.<\/p>\n<p>E, para complementar tudo isso, foi lan\u00e7ada a m\u00fasica \u201cIgreja das M\u00e3os Ensanguentadas\u201d, interpretada pelo Minist\u00e9rio Excelsis. A can\u00e7\u00e3o foi composta por Julio Cesar Pompeu e Rog\u00e9rio Pereira, e lan\u00e7ada dia 16 de setembro, durante o 5\u00ba Encontro Nacional das M\u00e3os Ensanguentadas de Jesus. Um dia muito especial e aben\u00e7oado para os devotos das M\u00e3os Ensanguentadas de Jesus, s\u00f3cios da Associa\u00e7\u00e3o do Senhor Jesus, telespectadores da Rede S\u00e9culo 21 e amigos, colaboradores e volunt\u00e1rios.(RS21.com)<\/p>\n<p>Ou\u00e7a agora mesmo a m\u00fasica na \u00edntegra:<\/p>\n<p><iframe loading=\"lazy\"  id=\"_ytid_93109\"  width=\"480\" height=\"270\"  data-origwidth=\"480\" data-origheight=\"270\" src=\"https:\/\/www.youtube.com\/embed\/wlyk7Tlg4S0?enablejsapi=1&#038;autoplay=0&#038;cc_load_policy=0&#038;cc_lang_pref=&#038;iv_load_policy=1&#038;loop=0&#038;rel=1&#038;fs=1&#038;playsinline=0&#038;autohide=2&#038;theme=dark&#038;color=red&#038;controls=1&#038;disablekb=0&#038;\" class=\"__youtube_prefs__  epyt-is-override  no-lazyload\" title=\"YouTube player\"  allow=\"fullscreen; accelerometer; autoplay; clipboard-write; encrypted-media; gyroscope; picture-in-picture; web-share\" referrerpolicy=\"strict-origin-when-cross-origin\" allowfullscreen data-no-lazy=\"1\" data-skipgform_ajax_framebjll=\"\"><\/iframe><\/p>\n","protected":false},"excerpt":{"rendered":"<p>Uma can\u00e7\u00e3o que fala sobre a constru\u00e7\u00e3o da Igreja MEJ, composta por Julio e Rog\u00e9rio, do Minist\u00e9rio Excelsis Neste ano de 2018, as obras para constru\u00e7\u00e3o da Igreja das M\u00e3os Ensanguentadas de Jesus est\u00e3o a todo vapor. J\u00e1 aconteceram v\u00e1rias etapas dos alicerces:&nbsp;terraplenagem&nbsp;do terreno,&nbsp;demarca\u00e7\u00e3oe&nbsp;coloca\u00e7\u00e3o&nbsp;das estacas, b\u00ean\u00e7\u00e3o da&nbsp;Pedra Fundamental&nbsp;e da&nbsp;terra boa do seu cora\u00e7\u00e3o&nbsp;(enviada pelos devotos),&nbsp;<\/p>\n<p><a class=\"btn btn-style\" href=\"http:\/\/portalcatolico.net\/portal\/ouca-a-musica-igreja-das-maos-ensanguentadas\/\">Continue Reading<\/a><\/p>\n","protected":false},"author":2,"featured_media":58908,"comment_status":"open","ping_status":"open","sticky":false,"template":"","format":"standard","meta":{"footnotes":""},"categories":[3],"tags":[],"class_list":["post-58907","post","type-post","status-publish","format-standard","has-post-thumbnail","hentry","category-noticias_regionais"],"_links":{"self":[{"href":"http:\/\/portalcatolico.net\/portal\/wp-json\/wp\/v2\/posts\/58907","targetHints":{"allow":["GET"]}}],"collection":[{"href":"http:\/\/portalcatolico.net\/portal\/wp-json\/wp\/v2\/posts"}],"about":[{"href":"http:\/\/portalcatolico.net\/portal\/wp-json\/wp\/v2\/types\/post"}],"author":[{"embeddable":true,"href":"http:\/\/portalcatolico.net\/portal\/wp-json\/wp\/v2\/users\/2"}],"replies":[{"embeddable":true,"href":"http:\/\/portalcatolico.net\/portal\/wp-json\/wp\/v2\/comments?post=58907"}],"version-history":[{"count":1,"href":"http:\/\/portalcatolico.net\/portal\/wp-json\/wp\/v2\/posts\/58907\/revisions"}],"predecessor-version":[{"id":58909,"href":"http:\/\/portalcatolico.net\/portal\/wp-json\/wp\/v2\/posts\/58907\/revisions\/58909"}],"wp:featuredmedia":[{"embeddable":true,"href":"http:\/\/portalcatolico.net\/portal\/wp-json\/wp\/v2\/media\/58908"}],"wp:attachment":[{"href":"http:\/\/portalcatolico.net\/portal\/wp-json\/wp\/v2\/media?parent=58907"}],"wp:term":[{"taxonomy":"category","embeddable":true,"href":"http:\/\/portalcatolico.net\/portal\/wp-json\/wp\/v2\/categories?post=58907"},{"taxonomy":"post_tag","embeddable":true,"href":"http:\/\/portalcatolico.net\/portal\/wp-json\/wp\/v2\/tags?post=58907"}],"curies":[{"name":"wp","href":"https:\/\/api.w.org\/{rel}","templated":true}]}}