{"id":58904,"date":"2018-09-27T13:48:14","date_gmt":"2018-09-27T16:48:14","guid":{"rendered":"http:\/\/portalcatolico.net\/portal\/?p=58904"},"modified":"2018-09-27T13:48:14","modified_gmt":"2018-09-27T16:48:14","slug":"historico-convento-da-espanha-fechara-depois-de-500-anos","status":"publish","type":"post","link":"http:\/\/portalcatolico.net\/portal\/historico-convento-da-espanha-fechara-depois-de-500-anos\/","title":{"rendered":"Hist\u00f3rico convento da Espanha fechar\u00e1 depois de 500 anos"},"content":{"rendered":"<p>O convento de Santa Maria do Socorro da Congrega\u00e7\u00e3o religiosa da Imaculada Concei\u00e7\u00e3o de Sevilha (Espanha) fechar\u00e1 as suas portas no dia 15 de outubro, depois de comemorar 500 anos de sua funda\u00e7\u00e3o de&nbsp;vida&nbsp;consagrada.<\/p>\n<p>Este \u00e9 o \u00faltimo convento de religiosas desta congrega\u00e7\u00e3o que ainda est\u00e1 aberto na cidade de Sevilha, onde chegaram a ter at\u00e9 quatro.<\/p>\n<p>A redu\u00e7\u00e3o do n\u00famero de voca\u00e7\u00f5es, assim como o gradual envelhecimento das religiosas, obrigou-as a fechar este mosteiro hist\u00f3rico.<\/p>\n<p>Tamb\u00e9m informaram que as religiosas foram transferidas para o mosteiro da congrega\u00e7\u00e3o na cidade de Mairena de Aljarafe, Sevilha (Espanha).<\/p>\n<p>O Bispo Auxiliar da Arquidiocese de Sevilha, Dom Santiago G\u00f3mez Sierra, celebrar\u00e1 uma&nbsp;Missa&nbsp;de a\u00e7\u00e3o de gra\u00e7as por todos os anos que viveram no mosteiro no pr\u00f3ximo dia 29 de setembro, \u00e0s 19h, na&nbsp;igreja&nbsp;do convento.&nbsp;&nbsp;&nbsp;&nbsp;&nbsp;&nbsp;&nbsp;&nbsp;<\/p>\n<p>Segundo explica o jornal ABC, o convento de Santa Maria do Socorro foi fundado por nobres de Sevilha, entre os quais Juana Ayala, que no s\u00e9culo XVI deixou a sua heran\u00e7a para a funda\u00e7\u00e3o de um mosteiro de monjas ligadas \u00e0 congrega\u00e7\u00e3o da Imaculada Concei\u00e7\u00e3o.<\/p>\n<p>Colocou no seu testamento como condi\u00e7\u00e3o que neste convento sempre houvesse pelo menos 20 religiosas &#8220;a servi\u00e7o de Deus&#8221; que fossem &#8220;pobres e honestas&#8221;.<\/p>\n<p>Tamb\u00e9m especificou que o convento seria chamado Santa Maria do Socorro, administrado pelas constitui\u00e7\u00f5es de S\u00e3o Jer\u00f4nimo e sujeitas ao prior do mosteiro de S\u00e3o Jer\u00f4nimo de Buenavista.<\/p>\n<p>O convento foi fundado de forma definitiva em 1524 e as primeiras religiosas entraram no claustro em 1525. Entre elas estavam algumas filhas dos nobres da cidade e uma parente de Juana Ayala.(ACI Digital)<\/p>\n<p>Foto referencial. Foto: Flickr Nacho_CC_BY_2.0<\/p>\n","protected":false},"excerpt":{"rendered":"<p>O convento de Santa Maria do Socorro da Congrega\u00e7\u00e3o religiosa da Imaculada Concei\u00e7\u00e3o de Sevilha (Espanha) fechar\u00e1 as suas portas no dia 15 de outubro, depois de comemorar 500 anos de sua funda\u00e7\u00e3o de&nbsp;vida&nbsp;consagrada. Este \u00e9 o \u00faltimo convento de religiosas desta congrega\u00e7\u00e3o que ainda est\u00e1 aberto na cidade de Sevilha, onde chegaram a ter&nbsp;<\/p>\n<p><a class=\"btn btn-style\" href=\"http:\/\/portalcatolico.net\/portal\/historico-convento-da-espanha-fechara-depois-de-500-anos\/\">Continue Reading<\/a><\/p>\n","protected":false},"author":2,"featured_media":58905,"comment_status":"open","ping_status":"open","sticky":false,"template":"","format":"standard","meta":{"footnotes":""},"categories":[5],"tags":[],"class_list":["post-58904","post","type-post","status-publish","format-standard","has-post-thumbnail","hentry","category-igreja_no_mundo"],"_links":{"self":[{"href":"http:\/\/portalcatolico.net\/portal\/wp-json\/wp\/v2\/posts\/58904","targetHints":{"allow":["GET"]}}],"collection":[{"href":"http:\/\/portalcatolico.net\/portal\/wp-json\/wp\/v2\/posts"}],"about":[{"href":"http:\/\/portalcatolico.net\/portal\/wp-json\/wp\/v2\/types\/post"}],"author":[{"embeddable":true,"href":"http:\/\/portalcatolico.net\/portal\/wp-json\/wp\/v2\/users\/2"}],"replies":[{"embeddable":true,"href":"http:\/\/portalcatolico.net\/portal\/wp-json\/wp\/v2\/comments?post=58904"}],"version-history":[{"count":1,"href":"http:\/\/portalcatolico.net\/portal\/wp-json\/wp\/v2\/posts\/58904\/revisions"}],"predecessor-version":[{"id":58906,"href":"http:\/\/portalcatolico.net\/portal\/wp-json\/wp\/v2\/posts\/58904\/revisions\/58906"}],"wp:featuredmedia":[{"embeddable":true,"href":"http:\/\/portalcatolico.net\/portal\/wp-json\/wp\/v2\/media\/58905"}],"wp:attachment":[{"href":"http:\/\/portalcatolico.net\/portal\/wp-json\/wp\/v2\/media?parent=58904"}],"wp:term":[{"taxonomy":"category","embeddable":true,"href":"http:\/\/portalcatolico.net\/portal\/wp-json\/wp\/v2\/categories?post=58904"},{"taxonomy":"post_tag","embeddable":true,"href":"http:\/\/portalcatolico.net\/portal\/wp-json\/wp\/v2\/tags?post=58904"}],"curies":[{"name":"wp","href":"https:\/\/api.w.org\/{rel}","templated":true}]}}