{"id":58664,"date":"2018-09-26T06:13:05","date_gmt":"2018-09-26T09:13:05","guid":{"rendered":"http:\/\/portalcatolico.net\/portal\/?p=58664"},"modified":"2018-09-26T06:13:05","modified_gmt":"2018-09-26T09:13:05","slug":"paroquia-em-itabuna-celebra-sao-miguel-arcanjo","status":"publish","type":"post","link":"http:\/\/portalcatolico.net\/portal\/paroquia-em-itabuna-celebra-sao-miguel-arcanjo\/","title":{"rendered":"Par\u00f3quia em Itabuna celebra S\u00e3o Miguel Arcanjo"},"content":{"rendered":"<div dir=\"auto\">A par\u00f3quia Nossa Senhora da Concei\u00e7\u00e3o do bairro Ferradas, em Itabuna (BA), dar\u00e1 inicio nesta quarta-feira, 26, no Condom\u00ednio Jubiab\u00e1 e Gabriela, a Festa de S\u00e3o Miguel Arcanjo e o tema que ser\u00e1 refletido \u00e9: &#8220;Crist\u00e3os leigos, testemunhos do amor misericordioso de Deus na Igreja e na sociedade&#8221;.<\/div>\n<div dir=\"auto\">&nbsp; &nbsp; &nbsp; &nbsp; &nbsp; &nbsp; &nbsp; &nbsp; &nbsp; &nbsp; &nbsp; &nbsp; &nbsp; &nbsp; &nbsp; &nbsp; &nbsp; &nbsp; &nbsp; &nbsp; &nbsp; &nbsp; &nbsp; &nbsp; &nbsp; &nbsp; &nbsp; &nbsp; &nbsp; &nbsp; &nbsp; &nbsp; Confira a programa\u00e7\u00e3o:<\/p>\n<\/div>\n<div dir=\"auto\"><strong>1\u00aa noite: 26\/09\/2018 (quarta-feira) &#8211; 19h&nbsp;<\/strong><\/div>\n<div dir=\"auto\">Pregador: Di\u00e1cono Trajano Oswaldo Convidados: Comunidade S\u00e3o Paulo da Cruz e Santo Ant\u00f4nio, RCC, Pastoral Liturgia e da Catequese.&nbsp;<\/p>\n<\/div>\n<div dir=\"auto\"><strong>2\u00aa noite (27\/09\/2018)- 19h<\/strong><\/div>\n<div dir=\"auto\">Celebrante: Pe. Jose Roberto (p\u00e1roco da par\u00f3quia Nossa senhora da Concei\u00e7\u00e3o) Convidados: Comunidade S\u00e3o Jos\u00e9 Oper\u00e1rio, Nossa Senhora Aparecida, Legi\u00e3o de Maria (adultos e juvenil), Encontro de Jovens com Cristo (EJC) e Ter\u00e7o dos Homens.<\/p>\n<\/div>\n<div dir=\"auto\"><strong>3\u00aa noite (28\/09\/2018)- 19h&nbsp;<\/strong><\/div>\n<div dir=\"auto\">Celebrante: Pe. Tony Val\u00e9rio Rodrigues ( p\u00e1roco da par\u00f3quia Santa Maria Madalena) Convidados: Par\u00f3quia Matriz de Ferradas, Comunidade Bom Jesus, Senhora Santana, Pastoral Familiar, Pastoral do D\u00edzimo e Vicentinos.<\/p>\n<\/div>\n<div dir=\"auto\"><strong>Dia da festa: 29\/09\/2018 (s\u00e1bado)<\/strong><\/div>\n<div dir=\"auto\">Missa Solene com a presid\u00eancia do Bispo Diocesano, Dom Carlos Alberto dos Santos, \u00e0s 19h e ap\u00f3s a celebra\u00e7\u00e3o da santa eucaristia, tem prociss\u00e3o.&nbsp;<\/div>\n<div dir=\"auto\">&nbsp;<\/div>\n<div dir=\"auto\">Foto:Divulga\u00e7\u00e3o<\/div>\n<div dir=\"auto\">Texto:Portal Cat\u00f3lico.net,com informa\u00e7\u00f5es:Par\u00f3quia Nossa Senhora da Concei\u00e7\u00e3o<\/div>\n","protected":false},"excerpt":{"rendered":"<p>A par\u00f3quia Nossa Senhora da Concei\u00e7\u00e3o do bairro Ferradas, em Itabuna (BA), dar\u00e1 inicio nesta quarta-feira, 26, no Condom\u00ednio Jubiab\u00e1 e Gabriela, a Festa de S\u00e3o Miguel Arcanjo e o tema que ser\u00e1 refletido \u00e9: &#8220;Crist\u00e3os leigos, testemunhos do amor misericordioso de Deus na Igreja e na sociedade&#8221;. &nbsp; &nbsp; &nbsp; &nbsp; &nbsp; &nbsp; &nbsp;&nbsp;<\/p>\n<p><a class=\"btn btn-style\" href=\"http:\/\/portalcatolico.net\/portal\/paroquia-em-itabuna-celebra-sao-miguel-arcanjo\/\">Continue Reading<\/a><\/p>\n","protected":false},"author":2,"featured_media":58665,"comment_status":"open","ping_status":"open","sticky":false,"template":"","format":"standard","meta":{"footnotes":""},"categories":[1],"tags":[],"class_list":["post-58664","post","type-post","status-publish","format-standard","has-post-thumbnail","hentry","category-agenda"],"_links":{"self":[{"href":"http:\/\/portalcatolico.net\/portal\/wp-json\/wp\/v2\/posts\/58664","targetHints":{"allow":["GET"]}}],"collection":[{"href":"http:\/\/portalcatolico.net\/portal\/wp-json\/wp\/v2\/posts"}],"about":[{"href":"http:\/\/portalcatolico.net\/portal\/wp-json\/wp\/v2\/types\/post"}],"author":[{"embeddable":true,"href":"http:\/\/portalcatolico.net\/portal\/wp-json\/wp\/v2\/users\/2"}],"replies":[{"embeddable":true,"href":"http:\/\/portalcatolico.net\/portal\/wp-json\/wp\/v2\/comments?post=58664"}],"version-history":[{"count":1,"href":"http:\/\/portalcatolico.net\/portal\/wp-json\/wp\/v2\/posts\/58664\/revisions"}],"predecessor-version":[{"id":58666,"href":"http:\/\/portalcatolico.net\/portal\/wp-json\/wp\/v2\/posts\/58664\/revisions\/58666"}],"wp:featuredmedia":[{"embeddable":true,"href":"http:\/\/portalcatolico.net\/portal\/wp-json\/wp\/v2\/media\/58665"}],"wp:attachment":[{"href":"http:\/\/portalcatolico.net\/portal\/wp-json\/wp\/v2\/media?parent=58664"}],"wp:term":[{"taxonomy":"category","embeddable":true,"href":"http:\/\/portalcatolico.net\/portal\/wp-json\/wp\/v2\/categories?post=58664"},{"taxonomy":"post_tag","embeddable":true,"href":"http:\/\/portalcatolico.net\/portal\/wp-json\/wp\/v2\/tags?post=58664"}],"curies":[{"name":"wp","href":"https:\/\/api.w.org\/{rel}","templated":true}]}}