{"id":58659,"date":"2018-09-25T21:24:14","date_gmt":"2018-09-26T00:24:14","guid":{"rendered":"http:\/\/portalcatolico.net\/portal\/?p=58659"},"modified":"2018-09-25T21:24:14","modified_gmt":"2018-09-26T00:24:14","slug":"devotos-se-preparam-para-a-festa-dos-santos-cosme-e-damiao","status":"publish","type":"post","link":"http:\/\/portalcatolico.net\/portal\/devotos-se-preparam-para-a-festa-dos-santos-cosme-e-damiao\/","title":{"rendered":"Devotos se preparam para a festa dos Santos Cosme e Dami\u00e3o"},"content":{"rendered":"<p>A Par\u00f3quia Santos Cosme e Dami\u00e3o, na Liberdade, est\u00e1 se preparando para a festa dos padroeiros, que ser\u00e1 celebrada no dia 27 de setembro. O noven\u00e1rio teve in\u00edcio no dia 17 de setembro e segue at\u00e9 o pr\u00f3ximo dia 25, sempre \u00e0s 19h, na Matriz. Como parte da programa\u00e7\u00e3o, no dia 26&nbsp; ser\u00e1 celebrada a Missa em mem\u00f3ria lit\u00fargica dos irm\u00e3os g\u00eameos, \u00e0s 19h, presidida pelo bispo auxiliar, Dom Marco Eug\u00eanio Galr\u00e3o.<\/p>\n<p>A cada noite, os fi\u00e9is est\u00e3o sendo convidados a colaborar com gestos concretos por meio da doa\u00e7\u00e3o: macarr\u00e3o (1\u00aa noite), feij\u00e3o (2\u00aa noite), leite (3\u00aa noite), \u00f3leo (4\u00aa noite), arroz (5\u00aa noite), caf\u00e9 (6\u00aa noite), material de limpeza (7\u00aa noite), a\u00e7\u00facar (8\u00aa noite), farinha (9\u00aa noite), biscoito e fub\u00e1 de milho (10\u00aa noite).<\/p>\n<p>No dia festivo, 27 de setembro, haver\u00e1 Missas \u00e0s 6h, 7h, 8h30, 10h, 12h, 15h30 e 18h. O ponto alto da festa ser\u00e1 a Missa Solene presidida pelo bispo auxiliar, Dom H\u00e9lio Pereira dos Santos, \u00e0s 18h. Os paroquianos participar\u00e3o, ainda, de um momento de louvor \u00e0s 14h e de prociss\u00e3o \u00e0s 17h.<\/p>\n<p><strong>&nbsp;<\/strong><strong>Santos Cosme e Dami\u00e3o<\/strong><\/p>\n<p>S\u00e3o Cosme e S\u00e3o Dami\u00e3o&nbsp;nasceram na cidade de Eg\u00e9ia, na Ar\u00e1bia, por volta do ano 260. Eram g\u00eameos, filhos de fam\u00edlia nobre. Sua m\u00e3e, Teodata, ensinou-lhes a&nbsp;f\u00e9 crist\u00e3, e ensinou-lhes de tal forma, que Jesus Cristo passou a ser o centro de suas vidas. Os irm\u00e3os foram estudar na S\u00edria, na \u00e9poca, um grande centro de estudos e forma\u00e7\u00e3o. L\u00e1, os g\u00eameos se especializaram nas ci\u00eancias e na medicina. Tornaram-se m\u00e9dicos famosos pela compet\u00eancia, obtendo grandes sucessos nos tratamentos, como tamb\u00e9m na caridade para com os doentes.<\/p>\n<p>Por causa da profunda forma\u00e7\u00e3o crist\u00e3 que tiveram, os irm\u00e3os, vivendo num mundo paganizado, decidiram atrair as pessoas para Jesus Cristo atrav\u00e9s do exerc\u00edcio da medicina. E faziam isso n\u00e3o de maneira impositiva ou constrangedora, mas, principalmente, atrav\u00e9s da caridade, do amor e da compet\u00eancia. Os santos n\u00e3o cobravam por seus servi\u00e7os m\u00e9dicos, por esta raz\u00e3o espalhou-se a ideia de que os g\u00eameos n\u00e3o gostavam de dinheiro.<\/p>\n<p>Na mesma \u00e9poca em que eles trabalhavam e ensinavam em nome de Jesus, o imperador Diocleciano lan\u00e7ou uma grande persegui\u00e7\u00e3o contra os crist\u00e3os. E o local onde eles viviam era dominado pelos romanos. Por isso foram presos sob a acusa\u00e7\u00e3o de feiti\u00e7aria e de espalharem uma seita proibida pelo imperador. No tribunal, foi exigido deles que renunciassem \u00e0 f\u00e9 em Jesus Cristo e come\u00e7assem a falar aos pacientes sobre os deuses romanos. Eles se recusaram, n\u00e3o renunciaram aos princ\u00edpios do&nbsp;Evangelho&nbsp;e por isso foram duramente torturados.<\/p>\n<p>Cosme e Dami\u00e3o foram condenados \u00e0 morte por apedrejamento e flechadas, mas n\u00e3o morreram quando atingidos. Ent\u00e3o, o magistrado ordenou que fossem queimados em pra\u00e7a p\u00fablica. Executaram a senten\u00e7a, mas o fogo n\u00e3o os atingiu. Os soldados decidiram afogar os dois, mas eles foram salvos por anjos. Por fim, a mando do magistrado, os torturadores lhes cortaram as cabe\u00e7as.<\/p>\n<p>Cosme e Dami\u00e3o foram sepultados pelos pacientes que tinham sido curados por eles. Mais tarde, seus restos mortais foram transladados para uma Igreja dedicada a eles, constru\u00edda pelo&nbsp;Papa Felix IV, em Roma, na&nbsp;Bas\u00edlica do F\u00f3rum. L\u00e1 e em toda a Igreja, eles s\u00e3o venerados como santos m\u00e1rtires, ou seja, morreram por testemunharem sua f\u00e9 em Jesus Cristo e n\u00e3o renegarem esta f\u00e9.<\/p>\n<p><em>Informa\u00e7\u00f5es: Assessoria de Comunica\u00e7\u00e3o \/ Arquidiocese de Salvador <\/em><\/p>\n<p><strong>&nbsp;<\/strong><\/p>\n","protected":false},"excerpt":{"rendered":"<p>A Par\u00f3quia Santos Cosme e Dami\u00e3o, na Liberdade, est\u00e1 se preparando para a festa dos padroeiros, que ser\u00e1 celebrada no dia 27 de setembro. O noven\u00e1rio teve in\u00edcio no dia 17 de setembro e segue at\u00e9 o pr\u00f3ximo dia 25, sempre \u00e0s 19h, na Matriz. Como parte da programa\u00e7\u00e3o, no dia 26&nbsp; ser\u00e1 celebrada a&nbsp;<\/p>\n<p><a class=\"btn btn-style\" href=\"http:\/\/portalcatolico.net\/portal\/devotos-se-preparam-para-a-festa-dos-santos-cosme-e-damiao\/\">Continue Reading<\/a><\/p>\n","protected":false},"author":2,"featured_media":58660,"comment_status":"open","ping_status":"open","sticky":false,"template":"","format":"standard","meta":{"footnotes":""},"categories":[69],"tags":[],"class_list":["post-58659","post","type-post","status-publish","format-standard","has-post-thumbnail","hentry","category-artigos"],"_links":{"self":[{"href":"http:\/\/portalcatolico.net\/portal\/wp-json\/wp\/v2\/posts\/58659","targetHints":{"allow":["GET"]}}],"collection":[{"href":"http:\/\/portalcatolico.net\/portal\/wp-json\/wp\/v2\/posts"}],"about":[{"href":"http:\/\/portalcatolico.net\/portal\/wp-json\/wp\/v2\/types\/post"}],"author":[{"embeddable":true,"href":"http:\/\/portalcatolico.net\/portal\/wp-json\/wp\/v2\/users\/2"}],"replies":[{"embeddable":true,"href":"http:\/\/portalcatolico.net\/portal\/wp-json\/wp\/v2\/comments?post=58659"}],"version-history":[{"count":1,"href":"http:\/\/portalcatolico.net\/portal\/wp-json\/wp\/v2\/posts\/58659\/revisions"}],"predecessor-version":[{"id":58661,"href":"http:\/\/portalcatolico.net\/portal\/wp-json\/wp\/v2\/posts\/58659\/revisions\/58661"}],"wp:featuredmedia":[{"embeddable":true,"href":"http:\/\/portalcatolico.net\/portal\/wp-json\/wp\/v2\/media\/58660"}],"wp:attachment":[{"href":"http:\/\/portalcatolico.net\/portal\/wp-json\/wp\/v2\/media?parent=58659"}],"wp:term":[{"taxonomy":"category","embeddable":true,"href":"http:\/\/portalcatolico.net\/portal\/wp-json\/wp\/v2\/categories?post=58659"},{"taxonomy":"post_tag","embeddable":true,"href":"http:\/\/portalcatolico.net\/portal\/wp-json\/wp\/v2\/tags?post=58659"}],"curies":[{"name":"wp","href":"https:\/\/api.w.org\/{rel}","templated":true}]}}