{"id":58648,"date":"2018-09-25T21:05:30","date_gmt":"2018-09-26T00:05:30","guid":{"rendered":"http:\/\/portalcatolico.net\/portal\/?p=58648"},"modified":"2018-09-25T21:25:43","modified_gmt":"2018-09-26T00:25:43","slug":"participe-da-campanha-do-cimento-e-ajude-a-comunidade-filhos-de-israel","status":"publish","type":"post","link":"http:\/\/portalcatolico.net\/portal\/participe-da-campanha-do-cimento-e-ajude-a-comunidade-filhos-de-israel\/","title":{"rendered":"Participe da Campanha do cimento e ajude a Comunidade Filhos de Israel"},"content":{"rendered":"<p style=\"font-weight: 400;\">A Campanha do cimento trata-se de uma mobiliza\u00e7\u00e3o para conseguir dar encaminhamento a uma obra muito importante para a Comunidade Filhos de Israel e&nbsp;para que a miss\u00e3o aconte\u00e7a de fato, precisamos de sua&nbsp;colabora\u00e7\u00e3o. Quanto mais pessoas participarem desta obra de maneira ativa,&nbsp;rezando e colaborando com aquilo que o cora\u00e7\u00e3o inspira, mais ainda a&nbsp;Casa de miss\u00e3o&nbsp; vai ficar pronta.<\/p>\n<p style=\"font-weight: 400;\">A Comunidade Cat\u00f3lica&nbsp;Filhos de Israel fica situada no bairro Jo\u00e3o Soares em Itabuna (BA). Os&nbsp;<br \/>\nmembros dessa comunidade, j\u00e1 deram in\u00edcio \u00e0 constru\u00e7\u00e3o da Casa de miss\u00e3o&nbsp; e pedem a doa\u00e7\u00e3o de <img loading=\"lazy\" decoding=\"async\" class=\"size-medium wp-image-58651 alignleft\" src=\"http:\/\/portalcatolico.net\/portal\/wp-content\/uploads\/2018\/09\/42482968_1978448595548167_836551447624548352_n-225x300.jpg\" alt=\"\" width=\"225\" height=\"300\" srcset=\"http:\/\/portalcatolico.net\/portal\/wp-content\/uploads\/2018\/09\/42482968_1978448595548167_836551447624548352_n-225x300.jpg 225w, http:\/\/portalcatolico.net\/portal\/wp-content\/uploads\/2018\/09\/42482968_1978448595548167_836551447624548352_n.jpg 720w\" sizes=\"auto, (max-width: 225px) 100vw, 225px\" \/>materiais de constru\u00e7\u00e3o.<br \/>\nDesafie seus amigos, familiares, colegas de trabalho, empresas para que&nbsp;cada um possa doar 1 SACO DE CIMENTO &#8211; R$ 25,00 (Cada Saco).<br \/>\nVoc\u00ea pode comprar e&nbsp;&nbsp;entregar a Nota de Compra ou depositar o&nbsp;dinheiro na&nbsp;&nbsp;conta da Comunidade.<\/p>\n<p>Vale ressaltar que a Comunidade de Alian\u00e7a Filhos de Israel \u00e9 um Grupo de Ora\u00e7\u00e3o da&nbsp;&nbsp;Renova\u00e7\u00e3o Carism\u00e1tica Cat\u00f3lica da par\u00f3quia Nossa Senhora Aparecida, na&nbsp;Diocese de Itabuna. Os membros do grupo de ora\u00e7\u00e3o se re\u00fanem na comunidade de Nossa Senhora de Guadalupe,&nbsp;no bairro parque Boa Vista. Estes irm\u00e3os t\u00eam um trabalho de&nbsp;evangeliza\u00e7\u00e3o nas ruas de Itabuna, todos os finais de semana com ora\u00e7\u00e3o,&nbsp;distribui\u00e7\u00e3o de alimentos, roupas, cal\u00e7ados&nbsp; para os moradores de rua.&nbsp;<br \/>\nAl\u00e9m de comida e vesti\u00e1rio, eles levam palavras de conforto e orienta\u00e7\u00e3o&nbsp;espiritual.<\/p>\n<p><strong>Como doar<\/strong><\/p>\n<p style=\"font-weight: 400;\">Quem quiser contribuir pode entrar em contato com Jos\u00e9 Iramar ou sua&nbsp;esposa Dina Xavier pelos telefones (73) 9965-7821, 99965-8527 . Os&nbsp;doadores tamb\u00e9m podem depositar sua contribui\u00e7\u00e3o no Banco&nbsp; Caixa&nbsp;Econ\u00f4mica, ag\u00eancia 3792, opera\u00e7\u00e3o 003 conta 820-6. Favorecido: IPCA \u2013&nbsp;instituto Prom. da Crian\u00e7a adolescente S\u00e3o Miguel Arcanjo. CNPJ&nbsp;13.982.334\/0001-50&nbsp; O fundador em fevereiro deste ano concedeu uma entrevista ao portal&nbsp; cat\u00f3lico. O mesmo falou do seu sonho.Confira no link abaixo.&nbsp;<br \/>\n<a href=\"http:\/\/portalcatolico.net\/portal\/fundador-da-comunidade-filhos-de-israel-conta-historia-de-24-anos-de-evangelizacao\/\">http:\/\/portalcatolico.net\/portal\/fundador-da-comunidade-filhos-de-israel-conta-historia-de-24-anos-de-evangelizacao\/<\/a><\/p>\n<p>Fotos:Reprodu\u00e7\u00e3o\/Facebook<\/p>\n<p>Texto:Portal Cat\u00f3lico.Net<\/p>\n","protected":false},"excerpt":{"rendered":"<p>A Campanha do cimento trata-se de uma mobiliza\u00e7\u00e3o para conseguir dar encaminhamento a uma obra muito importante para a Comunidade Filhos de Israel e&nbsp;para que a miss\u00e3o aconte\u00e7a de fato, precisamos de sua&nbsp;colabora\u00e7\u00e3o. Quanto mais pessoas participarem desta obra de maneira ativa,&nbsp;rezando e colaborando com aquilo que o cora\u00e7\u00e3o inspira, mais ainda a&nbsp;Casa de miss\u00e3o&nbsp;&nbsp;<\/p>\n<p><a class=\"btn btn-style\" href=\"http:\/\/portalcatolico.net\/portal\/participe-da-campanha-do-cimento-e-ajude-a-comunidade-filhos-de-israel\/\">Continue Reading<\/a><\/p>\n","protected":false},"author":2,"featured_media":58649,"comment_status":"open","ping_status":"open","sticky":false,"template":"","format":"standard","meta":{"footnotes":""},"categories":[4],"tags":[],"class_list":["post-58648","post","type-post","status-publish","format-standard","has-post-thumbnail","hentry","category-destaques"],"_links":{"self":[{"href":"http:\/\/portalcatolico.net\/portal\/wp-json\/wp\/v2\/posts\/58648","targetHints":{"allow":["GET"]}}],"collection":[{"href":"http:\/\/portalcatolico.net\/portal\/wp-json\/wp\/v2\/posts"}],"about":[{"href":"http:\/\/portalcatolico.net\/portal\/wp-json\/wp\/v2\/types\/post"}],"author":[{"embeddable":true,"href":"http:\/\/portalcatolico.net\/portal\/wp-json\/wp\/v2\/users\/2"}],"replies":[{"embeddable":true,"href":"http:\/\/portalcatolico.net\/portal\/wp-json\/wp\/v2\/comments?post=58648"}],"version-history":[{"count":3,"href":"http:\/\/portalcatolico.net\/portal\/wp-json\/wp\/v2\/posts\/58648\/revisions"}],"predecessor-version":[{"id":58653,"href":"http:\/\/portalcatolico.net\/portal\/wp-json\/wp\/v2\/posts\/58648\/revisions\/58653"}],"wp:featuredmedia":[{"embeddable":true,"href":"http:\/\/portalcatolico.net\/portal\/wp-json\/wp\/v2\/media\/58649"}],"wp:attachment":[{"href":"http:\/\/portalcatolico.net\/portal\/wp-json\/wp\/v2\/media?parent=58648"}],"wp:term":[{"taxonomy":"category","embeddable":true,"href":"http:\/\/portalcatolico.net\/portal\/wp-json\/wp\/v2\/categories?post=58648"},{"taxonomy":"post_tag","embeddable":true,"href":"http:\/\/portalcatolico.net\/portal\/wp-json\/wp\/v2\/tags?post=58648"}],"curies":[{"name":"wp","href":"https:\/\/api.w.org\/{rel}","templated":true}]}}