{"id":58642,"date":"2018-09-24T20:59:27","date_gmt":"2018-09-24T23:59:27","guid":{"rendered":"http:\/\/portalcatolico.net\/portal\/?p=58642"},"modified":"2018-09-24T21:01:11","modified_gmt":"2018-09-25T00:01:11","slug":"francisco-na-letonia-chamados-a-tocar-o-sofrimento-dos-outros","status":"publish","type":"post","link":"http:\/\/portalcatolico.net\/portal\/francisco-na-letonia-chamados-a-tocar-o-sofrimento-dos-outros\/","title":{"rendered":"Francisco na Let\u00f4nia: &#8220;Chamados a &#8216;tocar&#8217; o sofrimento dos outros&#8221;"},"content":{"rendered":"<div class=\"article__subTitle\"><img loading=\"lazy\" decoding=\"async\" class=\"wp-image-58645 aligncenter\" src=\"http:\/\/portalcatolico.net\/portal\/wp-content\/uploads\/2018\/09\/cq5dam.thumbnail.cropped.750.422-3-300x169.jpeg\" alt=\"\" width=\"733\" height=\"413\" srcset=\"http:\/\/portalcatolico.net\/portal\/wp-content\/uploads\/2018\/09\/cq5dam.thumbnail.cropped.750.422-3-300x169.jpeg 300w, http:\/\/portalcatolico.net\/portal\/wp-content\/uploads\/2018\/09\/cq5dam.thumbnail.cropped.750.422-3.jpeg 750w\" sizes=\"auto, (max-width: 733px) 100vw, 733px\" \/>Em sua homilia na missa, o Papa afirmou que &#8220;Maria clama para que todos nos comprometamos a acolher-nos sem discrimina\u00e7\u00f5es e saibam que estamos dispostos a privilegiar os mais pobres, a levantar aqueles que ca\u00edram e a acolher os outros \u00e0 medida que chegam e se apresentam diante de n\u00f3s.<\/div>\n<div class=\"article__text\">\n<p>A viagem do<b>&nbsp;Papa Francisco<\/b>&nbsp;pelos pa\u00edses b\u00e1lticos, iniciada s\u00e1bado, prossegue nesta segunda-feira (24\/09) com uma nova escala na Let\u00f4nia. Depois de passar a manh\u00e3 na capital, Riga, o Pont\u00edfice foi a Aglona, que dista 190 km e 1 hora e meio de voo. A cidade de pouco menos de 300 mil habitantes, circundada por colinas e lagos, \u00e9 conhecida pela presen\u00e7a da&nbsp;<i>Bas\u00edlica da Assun\u00e7\u00e3o<\/i>, a mais importante igreja cat\u00f3lica do pa\u00eds, fundada pelos padres dominicanos em 1700.<\/p>\n<p>Ali, no&nbsp;<i>Santu\u00e1rio internacional M\u00e3e de Deus de Aglona<\/i>, o Papa presidiu uma missa com a celebra\u00e7\u00e3o eucar\u00edstica em latim e a lit\u00fargica em let\u00e3o.<\/p>\n<h3>Evangelho de Jo\u00e3o e os dois momentos de encontro de Jesus com a M\u00e3e<\/h3>\n<p>Em sua homilia, o Papa se inspirou no lema da visita, \u00abMostrai-Vos M\u00e3e!\u00bb, para chamar a aten\u00e7\u00e3o para os dois momentos narrados no Evangelho de Jo\u00e3o em que a vida de Jesus cruza a de sua M\u00e3e: as bodas de Can\u00e1, quando \u00e9 evidenciada a alegria de um matrim\u00f4nio, e Maria aos p\u00e9s da cruz, com o sofrimento da m\u00e3e pela morte do filho.<\/p>\n<p>O evangelista ressalta que Maria est\u00e1 firmemente \u00abde p\u00e9\u00bb junto de seu Filho, junto daqueles que sofrem, daqueles de quem todo o mundo foge, principalmente os que s\u00e3o julgados, condenados por todos, deportados: a M\u00e3e est\u00e1 ali, cravada nesta cruz da incompreens\u00e3o e do sofrimento.<\/p>\n<div>\n<div class=\"article__embed article__embed--border embed_style\">\n<blockquote><p>\u201c Desta forma, o Papa explicou que \u201ctamb\u00e9m n\u00f3s somos chamados a \u2018tocar\u2019 o sofrimento dos outros. \u201d<\/p><\/blockquote>\n<\/div>\n<\/div>\n<p>\u201cSaiamos ao encontro do nosso povo para o consolar e fazer-lhe companhia; n\u00e3o tenhamos medo de experimentar a for\u00e7a da ternura e de nos envolvermos vendo a nossa vida complicada pelos outros. E, como Maria, permane\u00e7amos firmes e de p\u00e9: com o cora\u00e7\u00e3o voltado para Deus e corajosos, levantando os que ca\u00edram, erguendo o humilhado, ajudando a p\u00f4r fim a toda e qualquer situa\u00e7\u00e3o de opress\u00e3o que os faz viver como crucificados\u201d.<\/p>\n<h3>O contexto hist\u00f3rico da Let\u00f4nia e da regi\u00e3o&nbsp;<\/h3>\n<p>\u201c\u00c9 verdade que, \u00e0s vezes, a abertura aos outros nos fez muito mal. E tamb\u00e9m \u00e9 verdade que, nas nossas realidades pol\u00edticas, a hist\u00f3ria do choque entre os povos permanece ainda dolorosamente viva. Mas Maria cr\u00ea em Jesus e acolhe o disc\u00edpulo, porque as rela\u00e7\u00f5es que nos curam e libertam s\u00e3o aquelas que nos abrem ao encontro e \u00e0 fraternidade com os outros, porque, no outro, descobrem o pr\u00f3prio Deus\u201d.<\/p>\n<p>No outro epis\u00f3dio citado por Jo\u00e3o, as bodas de Can\u00e1, Ela, disc\u00edpula obediente, deixa-Se acolher, transfere-Se, adapta-Se ao ritmo do mais novo. Quando ouvimos, com f\u00e9, a ordem de acolher e ser acolhidos, \u00e9 poss\u00edvel construir a unidade na diversidade, porque n\u00e3o nos travam nem dividem as diferen\u00e7as, mas somos capazes de olhar mais al\u00e9m, ver os outros na sua dignidade mais profunda, como filhos de um e mesmo Pai.<\/p>\n<p>Concluindo, Francisco afirmou:<\/p>\n<div>\n<div class=\"article__embed article__embed--border embed_style\">\n<blockquote><p>\u201c Maria clama para que todos nos comprometamos a acolher-nos sem discrimina\u00e7\u00f5es, e todos, na Let\u00f4nia, saibam que estamos dispostos a privilegiar os mais pobres, a levantar aqueles que ca\u00edram e a acolher os outros \u00e0 medida que chegam e se apresentam diante de n\u00f3s. \u201d<\/p><\/blockquote>\n<\/div>\n<\/div>\n<p>Ap\u00f3s a missa, o Papa retornou a Vilnius, capital da Litu\u00e2nia, onde est\u00e1 sendo hospedado na Nunciatura nestes dias de viagem.<\/p>\n<p>Fonte e fotos: Vatican Midia<\/p>\n<\/div>\n","protected":false},"excerpt":{"rendered":"<p>Em sua homilia na missa, o Papa afirmou que &#8220;Maria clama para que todos nos comprometamos a acolher-nos sem discrimina\u00e7\u00f5es e saibam que estamos dispostos a privilegiar os mais pobres, a levantar aqueles que ca\u00edram e a acolher os outros \u00e0 medida que chegam e se apresentam diante de n\u00f3s. A viagem do&nbsp;Papa Francisco&nbsp;pelos pa\u00edses&nbsp;<\/p>\n<p><a class=\"btn btn-style\" href=\"http:\/\/portalcatolico.net\/portal\/francisco-na-letonia-chamados-a-tocar-o-sofrimento-dos-outros\/\">Continue Reading<\/a><\/p>\n","protected":false},"author":2,"featured_media":58643,"comment_status":"open","ping_status":"open","sticky":false,"template":"","format":"standard","meta":{"footnotes":""},"categories":[5],"tags":[],"class_list":["post-58642","post","type-post","status-publish","format-standard","has-post-thumbnail","hentry","category-igreja_no_mundo"],"_links":{"self":[{"href":"http:\/\/portalcatolico.net\/portal\/wp-json\/wp\/v2\/posts\/58642","targetHints":{"allow":["GET"]}}],"collection":[{"href":"http:\/\/portalcatolico.net\/portal\/wp-json\/wp\/v2\/posts"}],"about":[{"href":"http:\/\/portalcatolico.net\/portal\/wp-json\/wp\/v2\/types\/post"}],"author":[{"embeddable":true,"href":"http:\/\/portalcatolico.net\/portal\/wp-json\/wp\/v2\/users\/2"}],"replies":[{"embeddable":true,"href":"http:\/\/portalcatolico.net\/portal\/wp-json\/wp\/v2\/comments?post=58642"}],"version-history":[{"count":3,"href":"http:\/\/portalcatolico.net\/portal\/wp-json\/wp\/v2\/posts\/58642\/revisions"}],"predecessor-version":[{"id":58647,"href":"http:\/\/portalcatolico.net\/portal\/wp-json\/wp\/v2\/posts\/58642\/revisions\/58647"}],"wp:featuredmedia":[{"embeddable":true,"href":"http:\/\/portalcatolico.net\/portal\/wp-json\/wp\/v2\/media\/58643"}],"wp:attachment":[{"href":"http:\/\/portalcatolico.net\/portal\/wp-json\/wp\/v2\/media?parent=58642"}],"wp:term":[{"taxonomy":"category","embeddable":true,"href":"http:\/\/portalcatolico.net\/portal\/wp-json\/wp\/v2\/categories?post=58642"},{"taxonomy":"post_tag","embeddable":true,"href":"http:\/\/portalcatolico.net\/portal\/wp-json\/wp\/v2\/tags?post=58642"}],"curies":[{"name":"wp","href":"https:\/\/api.w.org\/{rel}","templated":true}]}}