{"id":58639,"date":"2018-09-25T00:48:12","date_gmt":"2018-09-25T03:48:12","guid":{"rendered":"http:\/\/portalcatolico.net\/portal\/?p=58639"},"modified":"2018-09-25T21:34:16","modified_gmt":"2018-09-26T00:34:16","slug":"paroquia-em-itabuna-recebe-novos-ministros-extraordinarios","status":"publish","type":"post","link":"http:\/\/portalcatolico.net\/portal\/paroquia-em-itabuna-recebe-novos-ministros-extraordinarios\/","title":{"rendered":"Par\u00f3quia em Itabuna recebe novos Ministros Extraordin\u00e1rios"},"content":{"rendered":"<p style=\"font-weight: 400;\">Os novos Ministros&nbsp;Extraordin\u00e1rios da Comunh\u00e3o Eucar\u00edstica, da Par\u00f3quia&nbsp; Santa Rita de C\u00e1ssia, em Itabuna (BA), t\u00eam alegria de convidar voc\u00ea, sua fam\u00edlia e todos&nbsp; paroquianos a participarem da investidura novos Ministros.<\/p>\n<p style=\"font-weight: 400;\">A santa missa&nbsp;ser\u00e1 \u00e0s 19h, nesta quinta-feira (27) e ter\u00e1 transmiss\u00e3o ao vivo e em tempo real do Portal&nbsp;<br \/>\ncat\u00f3lico web R\u00e1dio, voc\u00ea pode acompanhar pelo site:&nbsp;<a href=\"http:\/\/www.portalcatolico.net\/\">www.portalcatolico.net<\/a>&nbsp;ou pela r\u00e1dio net no link:<strong>&nbsp;<a href=\"https:\/\/www.radios.com.br\/aovivo\/web-radio-portal-catolico\/40395\">www.radios.com.b<\/a>r<\/strong><\/p>\n<p>Texto:Portal Cat\u00f3lico.Net<\/p>\n<p>Foto: Reprodu\u00e7\u00e3o<\/p>\n","protected":false},"excerpt":{"rendered":"<p>Os novos Ministros&nbsp;Extraordin\u00e1rios da Comunh\u00e3o Eucar\u00edstica, da Par\u00f3quia&nbsp; Santa Rita de C\u00e1ssia, em Itabuna (BA), t\u00eam alegria de convidar voc\u00ea, sua fam\u00edlia e todos&nbsp; paroquianos a participarem da investidura novos Ministros. A santa missa&nbsp;ser\u00e1 \u00e0s 19h, nesta quinta-feira (27) e ter\u00e1 transmiss\u00e3o ao vivo e em tempo real do Portal&nbsp; cat\u00f3lico web R\u00e1dio, voc\u00ea pode&nbsp;<\/p>\n<p><a class=\"btn btn-style\" href=\"http:\/\/portalcatolico.net\/portal\/paroquia-em-itabuna-recebe-novos-ministros-extraordinarios\/\">Continue Reading<\/a><\/p>\n","protected":false},"author":2,"featured_media":58640,"comment_status":"open","ping_status":"open","sticky":false,"template":"","format":"standard","meta":{"footnotes":""},"categories":[1],"tags":[],"class_list":["post-58639","post","type-post","status-publish","format-standard","has-post-thumbnail","hentry","category-agenda"],"_links":{"self":[{"href":"http:\/\/portalcatolico.net\/portal\/wp-json\/wp\/v2\/posts\/58639","targetHints":{"allow":["GET"]}}],"collection":[{"href":"http:\/\/portalcatolico.net\/portal\/wp-json\/wp\/v2\/posts"}],"about":[{"href":"http:\/\/portalcatolico.net\/portal\/wp-json\/wp\/v2\/types\/post"}],"author":[{"embeddable":true,"href":"http:\/\/portalcatolico.net\/portal\/wp-json\/wp\/v2\/users\/2"}],"replies":[{"embeddable":true,"href":"http:\/\/portalcatolico.net\/portal\/wp-json\/wp\/v2\/comments?post=58639"}],"version-history":[{"count":3,"href":"http:\/\/portalcatolico.net\/portal\/wp-json\/wp\/v2\/posts\/58639\/revisions"}],"predecessor-version":[{"id":58663,"href":"http:\/\/portalcatolico.net\/portal\/wp-json\/wp\/v2\/posts\/58639\/revisions\/58663"}],"wp:featuredmedia":[{"embeddable":true,"href":"http:\/\/portalcatolico.net\/portal\/wp-json\/wp\/v2\/media\/58640"}],"wp:attachment":[{"href":"http:\/\/portalcatolico.net\/portal\/wp-json\/wp\/v2\/media?parent=58639"}],"wp:term":[{"taxonomy":"category","embeddable":true,"href":"http:\/\/portalcatolico.net\/portal\/wp-json\/wp\/v2\/categories?post=58639"},{"taxonomy":"post_tag","embeddable":true,"href":"http:\/\/portalcatolico.net\/portal\/wp-json\/wp\/v2\/tags?post=58639"}],"curies":[{"name":"wp","href":"https:\/\/api.w.org\/{rel}","templated":true}]}}