{"id":58635,"date":"2018-09-24T20:37:05","date_gmt":"2018-09-24T23:37:05","guid":{"rendered":"http:\/\/portalcatolico.net\/portal\/?p=58635"},"modified":"2018-09-24T20:38:55","modified_gmt":"2018-09-24T23:38:55","slug":"paroquia-em-itabuna-celebra-cosme-e-damiao","status":"publish","type":"post","link":"http:\/\/portalcatolico.net\/portal\/paroquia-em-itabuna-celebra-cosme-e-damiao\/","title":{"rendered":"Par\u00f3quia em Itabuna celebra Cosme e Dami\u00e3o!"},"content":{"rendered":"<p style=\"font-weight: 400;\">A par\u00f3quia Nossa Senhora da Piedade, em Itabuna (BA), deu&nbsp;&nbsp;in\u00edcio ontem (23),\u00e0s comemora\u00e7\u00f5es em homenagem a S\u00e3o Cosme e S\u00e3o Dami\u00e3o. A capela fica situada&nbsp;no bairro Fonseca e segue at\u00e9 quinta-feira (27) com a grande festa dos&nbsp;santos g\u00eameos.<\/p>\n<p style=\"font-weight: 400;\">&nbsp;O tema para este ano do laicato \u00e9: &#8220;Crist\u00e3os leigos sal&nbsp;da terra e luz do mundo&#8221;. Entre tantos festejos e solenidades, a&nbsp;celebra\u00e7\u00e3o da mem\u00f3ria dos irm\u00e3os Cosme e Dami\u00e3o \u00e9 uma tradi\u00e7\u00e3o no&nbsp;calend\u00e1rio de muitos brasileiros.<\/p>\n<p style=\"font-weight: 400;\">A devo\u00e7\u00e3o aos santos \u00e9 uma marca muito&nbsp;expressiva na vida dos fi\u00e9is. Os santos g\u00eameos Cosme e Dami\u00e3o nasceram&nbsp;em Egeia (agora Ayas, no Golfo do \u0130skenderun, Cil\u00edcia, \u00c1sia Menor), e&nbsp; tinham outros tr\u00eas irm\u00e3os. O pai foi m\u00e1rtir durante a persegui\u00e7\u00e3o dos&nbsp;crist\u00e3os na era de Diocleciano. Cosme e Dami\u00e3o eram m\u00e9dicos que curavam&nbsp;os enfermos n\u00e3o s\u00f3 com seu saber, mas atrav\u00e9s de milagres propiciados&nbsp;por suas ora\u00e7\u00f5es. Os dois irm\u00e3os praticavam a medicina e n\u00e3o aceitavam&nbsp;nenhum pagamento por seus servi\u00e7os. Dessa forma, trouxeram muitos novos&nbsp; adeptos para a f\u00e9 cat\u00f3lica. Quando a persegui\u00e7\u00e3o de Diocleciano come\u00e7ou,&nbsp;o prefeito L\u00edsias mandou prender Cosme e Dami\u00e3o e ordenou-lhes que se&nbsp;retratassem. Eles se mantiveram constantes sob tortura, e de forma&nbsp;milagrosa n\u00e3o sofriam nenhum ferimento por \u00e1gua, fogo, ar, nem mesmo na&nbsp;cruz, at\u00e9 que foram decapitados por uma espada. Seus tr\u00eas irm\u00e3os,&nbsp;Antimo, Le\u00f4ncio e Euprepio tamb\u00e9m morreram como m\u00e1rtires com eles.<\/p>\n<p style=\"font-weight: 400;\">Cosme&nbsp;e Dami\u00e3o s\u00e3o considerados os patronos dos m\u00e9dicos e cirurgi\u00f5es e, por&nbsp; vezes, s\u00e3o representados por emblemas m\u00e9dicos. Al\u00e9m disso, os irm\u00e3os s\u00e3o&nbsp; invocados no C\u00e2non da Missa e na Ladainha de Todos os Santos.<\/p>\n<p>Texto:Portal Cat\u00f3lico.Net<\/p>\n<p>Foto:Divulga\u00e7\u00e3o<\/p>\n<p>&nbsp;<\/p>\n","protected":false},"excerpt":{"rendered":"<p>A par\u00f3quia Nossa Senhora da Piedade, em Itabuna (BA), deu&nbsp;&nbsp;in\u00edcio ontem (23),\u00e0s comemora\u00e7\u00f5es em homenagem a S\u00e3o Cosme e S\u00e3o Dami\u00e3o. A capela fica situada&nbsp;no bairro Fonseca e segue at\u00e9 quinta-feira (27) com a grande festa dos&nbsp;santos g\u00eameos. &nbsp;O tema para este ano do laicato \u00e9: &#8220;Crist\u00e3os leigos sal&nbsp;da terra e luz do mundo&#8221;. Entre&nbsp;<\/p>\n<p><a class=\"btn btn-style\" href=\"http:\/\/portalcatolico.net\/portal\/paroquia-em-itabuna-celebra-cosme-e-damiao\/\">Continue Reading<\/a><\/p>\n","protected":false},"author":2,"featured_media":58638,"comment_status":"open","ping_status":"open","sticky":false,"template":"","format":"standard","meta":{"footnotes":""},"categories":[1],"tags":[],"class_list":["post-58635","post","type-post","status-publish","format-standard","has-post-thumbnail","hentry","category-agenda"],"_links":{"self":[{"href":"http:\/\/portalcatolico.net\/portal\/wp-json\/wp\/v2\/posts\/58635","targetHints":{"allow":["GET"]}}],"collection":[{"href":"http:\/\/portalcatolico.net\/portal\/wp-json\/wp\/v2\/posts"}],"about":[{"href":"http:\/\/portalcatolico.net\/portal\/wp-json\/wp\/v2\/types\/post"}],"author":[{"embeddable":true,"href":"http:\/\/portalcatolico.net\/portal\/wp-json\/wp\/v2\/users\/2"}],"replies":[{"embeddable":true,"href":"http:\/\/portalcatolico.net\/portal\/wp-json\/wp\/v2\/comments?post=58635"}],"version-history":[{"count":1,"href":"http:\/\/portalcatolico.net\/portal\/wp-json\/wp\/v2\/posts\/58635\/revisions"}],"predecessor-version":[{"id":58637,"href":"http:\/\/portalcatolico.net\/portal\/wp-json\/wp\/v2\/posts\/58635\/revisions\/58637"}],"wp:featuredmedia":[{"embeddable":true,"href":"http:\/\/portalcatolico.net\/portal\/wp-json\/wp\/v2\/media\/58638"}],"wp:attachment":[{"href":"http:\/\/portalcatolico.net\/portal\/wp-json\/wp\/v2\/media?parent=58635"}],"wp:term":[{"taxonomy":"category","embeddable":true,"href":"http:\/\/portalcatolico.net\/portal\/wp-json\/wp\/v2\/categories?post=58635"},{"taxonomy":"post_tag","embeddable":true,"href":"http:\/\/portalcatolico.net\/portal\/wp-json\/wp\/v2\/tags?post=58635"}],"curies":[{"name":"wp","href":"https:\/\/api.w.org\/{rel}","templated":true}]}}