{"id":58631,"date":"2018-09-26T00:37:20","date_gmt":"2018-09-26T03:37:20","guid":{"rendered":"http:\/\/portalcatolico.net\/portal\/?p=58631"},"modified":"2018-09-25T20:38:13","modified_gmt":"2018-09-25T23:38:13","slug":"vem-ai-o-iv-hosana-em-itororo","status":"publish","type":"post","link":"http:\/\/portalcatolico.net\/portal\/vem-ai-o-iv-hosana-em-itororo\/","title":{"rendered":"Vem a\u00ed o V Hosana em Itoror\u00f3"},"content":{"rendered":"<div dir=\"auto\">Voc\u00ea e sua fam\u00edlia s\u00e3o os convidados especiais para participarem do V Hosana que ser\u00e1 realizado entre os dias 19,20 e 21 de outubro na Capela de Nossa Senhora Aparecida, no centro de Itoror\u00f3. Com louvor,adora\u00e7\u00e3o&nbsp; Jesus Eucar\u00edstico,prega\u00e7\u00f5es,santa missa e muito mais.&nbsp;<\/div>\n<div dir=\"auto\">A organiza\u00e7\u00e3o \u00e9 do Grupo de Ora\u00e7\u00e3o M\u00e3e Aparecida da Par\u00f3quia Santo Ant\u00f4nio da cidade de Itoror\u00f3 que comp\u00f5e a Diocese de Itabuna (BA).&nbsp;<\/div>\n<div dir=\"auto\">\n<p>O tema deste ano \u00e9: &#8220;Eis que estou \u00e1 porta e bato&#8221; Ap 3,20 a.<\/p>\n<\/div>\n<div dir=\"auto\">\n<p>Confira a programa\u00e7\u00e3o:<\/p>\n<\/div>\n<div dir=\"auto\">19\/10: Missa de abertura, \u00e0s 19h.&nbsp;<\/div>\n<div dir=\"auto\">\n<p>20\/10: Hosaninha a partir das 8h e Hosana a partir das 14h, 21\/10: Hosana a partir das 8h<\/p>\n<\/div>\n<div dir=\"auto\">Presen\u00e7as confirmadas dos padres: Pe. Wesley Concei\u00e7\u00e3o (p\u00e1roco da par\u00f3quia Senhor Deus Menino de Ibicara\u00ed);&nbsp; Pe. Euvaldo Santana (p\u00e1roco da par\u00f3quia santo Ant\u00f4nio de Itoror\u00f3).&nbsp;<\/div>\n<div dir=\"auto\">Wesley Sales (Comunidade Shalom da cidade Vit\u00f3ria da Conquista (BA).<\/div>\n<div dir=\"auto\">Iramar Almeida (Comunidade Filhos de Israel (Diocese de Itabuna), Alexsandro Nonato (Coordenador Diocesano da RCC-Diocese de Itabuna).&nbsp;<\/div>\n<div dir=\"auto\">Organiza\u00e7\u00e3o Grupo de Ora\u00e7\u00e3o Carism\u00e1tica M\u00e3e Aparecida<\/div>\n<div dir=\"auto\">&nbsp;<\/div>\n<div dir=\"auto\">Texto:Portal Cat\u00f3lico.Net<\/div>\n","protected":false},"excerpt":{"rendered":"<p>Voc\u00ea e sua fam\u00edlia s\u00e3o os convidados especiais para participarem do V Hosana que ser\u00e1 realizado entre os dias 19,20 e 21 de outubro na Capela de Nossa Senhora Aparecida, no centro de Itoror\u00f3. Com louvor,adora\u00e7\u00e3o&nbsp; Jesus Eucar\u00edstico,prega\u00e7\u00f5es,santa missa e muito mais.&nbsp; A organiza\u00e7\u00e3o \u00e9 do Grupo de Ora\u00e7\u00e3o M\u00e3e Aparecida da Par\u00f3quia Santo Ant\u00f4nio&nbsp;<\/p>\n<p><a class=\"btn btn-style\" href=\"http:\/\/portalcatolico.net\/portal\/vem-ai-o-iv-hosana-em-itororo\/\">Continue Reading<\/a><\/p>\n","protected":false},"author":2,"featured_media":58658,"comment_status":"open","ping_status":"open","sticky":false,"template":"","format":"standard","meta":{"footnotes":""},"categories":[1],"tags":[],"class_list":["post-58631","post","type-post","status-publish","format-standard","has-post-thumbnail","hentry","category-agenda"],"_links":{"self":[{"href":"http:\/\/portalcatolico.net\/portal\/wp-json\/wp\/v2\/posts\/58631","targetHints":{"allow":["GET"]}}],"collection":[{"href":"http:\/\/portalcatolico.net\/portal\/wp-json\/wp\/v2\/posts"}],"about":[{"href":"http:\/\/portalcatolico.net\/portal\/wp-json\/wp\/v2\/types\/post"}],"author":[{"embeddable":true,"href":"http:\/\/portalcatolico.net\/portal\/wp-json\/wp\/v2\/users\/2"}],"replies":[{"embeddable":true,"href":"http:\/\/portalcatolico.net\/portal\/wp-json\/wp\/v2\/comments?post=58631"}],"version-history":[{"count":6,"href":"http:\/\/portalcatolico.net\/portal\/wp-json\/wp\/v2\/posts\/58631\/revisions"}],"predecessor-version":[{"id":58657,"href":"http:\/\/portalcatolico.net\/portal\/wp-json\/wp\/v2\/posts\/58631\/revisions\/58657"}],"wp:featuredmedia":[{"embeddable":true,"href":"http:\/\/portalcatolico.net\/portal\/wp-json\/wp\/v2\/media\/58658"}],"wp:attachment":[{"href":"http:\/\/portalcatolico.net\/portal\/wp-json\/wp\/v2\/media?parent=58631"}],"wp:term":[{"taxonomy":"category","embeddable":true,"href":"http:\/\/portalcatolico.net\/portal\/wp-json\/wp\/v2\/categories?post=58631"},{"taxonomy":"post_tag","embeddable":true,"href":"http:\/\/portalcatolico.net\/portal\/wp-json\/wp\/v2\/tags?post=58631"}],"curies":[{"name":"wp","href":"https:\/\/api.w.org\/{rel}","templated":true}]}}