{"id":58626,"date":"2018-09-24T13:32:37","date_gmt":"2018-09-24T16:32:37","guid":{"rendered":"http:\/\/portalcatolico.net\/portal\/?p=58626"},"modified":"2018-09-24T13:34:07","modified_gmt":"2018-09-24T16:34:07","slug":"vem-ai-outubro-o-mes-de-nossa-senhora-aparecida","status":"publish","type":"post","link":"http:\/\/portalcatolico.net\/portal\/vem-ai-outubro-o-mes-de-nossa-senhora-aparecida\/","title":{"rendered":"Vem a\u00ed, outubro: o m\u00eas de Nossa Senhora Aparecida!"},"content":{"rendered":"<div dir=\"auto\">As<i>&nbsp;celebra\u00e7\u00f5es em honra \u00e0 Padroeira do Brasil acontecer\u00e3o&nbsp;a partir do dia 3 de outubro, em Itabuna (BA). Durante dez dias, os devotos&nbsp; s\u00e3o convidados a rezar e refletir o tema: &#8220;M\u00e3e Aparecida, ensina-nos a viver nossa miss\u00e3o de crist\u00e3o leigos e leigas na igreja e na sociedade&#8221;&nbsp; e o lema: &#8220;Sal da terra e luz do mundo&#8221; MT 5,13.&nbsp;<\/i><\/div>\n<div dir=\"auto\"><i>As missas ser\u00e3o realizadas todas as noites&nbsp; \u00e0s 19h<\/i>.<\/div>\n<div dir=\"auto\"><i>Durante os dias dos preparativos, os devotos podem contribuir com a doa\u00e7\u00e3o de alimentos n\u00e3o perec\u00edveis, que ser\u00e3o destinados \u00e0s entidades assistenciais da cidade itabunense.&nbsp;<\/i><\/div>\n<div dir=\"auto\">A<i>s atividades religiosas movimentar\u00e3o v\u00e1rios bairros da cidade e atra\u00edr\u00e3o visitantes e devotos da santa at\u00e9 de cidades circunvizinhas.<\/i><\/div>\n<div dir=\"auto\"><i>&nbsp;A par\u00f3quia respons\u00e1vel \u00e9 a que leva o nome a santa homenageada e que tem como p\u00e1roco, o Padre Ezequias Gon\u00e7alves.&nbsp;<\/i><\/div>\n<div dir=\"auto\"><i>Em breve, ser\u00e1 divulgada a programa\u00e7\u00e3o completa da festa da santa. Aguarde!<\/i><\/div>\n<div dir=\"auto\">&nbsp;<\/div>\n","protected":false},"excerpt":{"rendered":"<p>As&nbsp;celebra\u00e7\u00f5es em honra \u00e0 Padroeira do Brasil acontecer\u00e3o&nbsp;a partir do dia 3 de outubro, em Itabuna (BA). Durante dez dias, os devotos&nbsp; s\u00e3o convidados a rezar e refletir o tema: &#8220;M\u00e3e Aparecida, ensina-nos a viver nossa miss\u00e3o de crist\u00e3o leigos e leigas na igreja e na sociedade&#8221;&nbsp; e o lema: &#8220;Sal da terra e luz&nbsp;<\/p>\n<p><a class=\"btn btn-style\" href=\"http:\/\/portalcatolico.net\/portal\/vem-ai-outubro-o-mes-de-nossa-senhora-aparecida\/\">Continue Reading<\/a><\/p>\n","protected":false},"author":2,"featured_media":58627,"comment_status":"open","ping_status":"open","sticky":false,"template":"","format":"standard","meta":{"footnotes":""},"categories":[1],"tags":[],"class_list":["post-58626","post","type-post","status-publish","format-standard","has-post-thumbnail","hentry","category-agenda"],"_links":{"self":[{"href":"http:\/\/portalcatolico.net\/portal\/wp-json\/wp\/v2\/posts\/58626","targetHints":{"allow":["GET"]}}],"collection":[{"href":"http:\/\/portalcatolico.net\/portal\/wp-json\/wp\/v2\/posts"}],"about":[{"href":"http:\/\/portalcatolico.net\/portal\/wp-json\/wp\/v2\/types\/post"}],"author":[{"embeddable":true,"href":"http:\/\/portalcatolico.net\/portal\/wp-json\/wp\/v2\/users\/2"}],"replies":[{"embeddable":true,"href":"http:\/\/portalcatolico.net\/portal\/wp-json\/wp\/v2\/comments?post=58626"}],"version-history":[{"count":3,"href":"http:\/\/portalcatolico.net\/portal\/wp-json\/wp\/v2\/posts\/58626\/revisions"}],"predecessor-version":[{"id":58630,"href":"http:\/\/portalcatolico.net\/portal\/wp-json\/wp\/v2\/posts\/58626\/revisions\/58630"}],"wp:featuredmedia":[{"embeddable":true,"href":"http:\/\/portalcatolico.net\/portal\/wp-json\/wp\/v2\/media\/58627"}],"wp:attachment":[{"href":"http:\/\/portalcatolico.net\/portal\/wp-json\/wp\/v2\/media?parent=58626"}],"wp:term":[{"taxonomy":"category","embeddable":true,"href":"http:\/\/portalcatolico.net\/portal\/wp-json\/wp\/v2\/categories?post=58626"},{"taxonomy":"post_tag","embeddable":true,"href":"http:\/\/portalcatolico.net\/portal\/wp-json\/wp\/v2\/tags?post=58626"}],"curies":[{"name":"wp","href":"https:\/\/api.w.org\/{rel}","templated":true}]}}