{"id":58393,"date":"2018-09-20T00:57:19","date_gmt":"2018-09-20T03:57:19","guid":{"rendered":"http:\/\/portalcatolico.net\/portal\/?p=58393"},"modified":"2018-09-19T22:57:59","modified_gmt":"2018-09-20T01:57:59","slug":"dia-nacional-da-juventude-sera-celebrado-em-paroquia-de-coaraci","status":"publish","type":"post","link":"http:\/\/portalcatolico.net\/portal\/dia-nacional-da-juventude-sera-celebrado-em-paroquia-de-coaraci\/","title":{"rendered":"Dia Nacional da Juventude ser\u00e1 celebrado em par\u00f3quia de Coaraci"},"content":{"rendered":"<div dir=\"auto\">O Dia Nacional da Juventude ser\u00e1 celebrado na Par\u00f3quia Nossa Senhora de Lourdes na cidade de Coaraci, pertencente \u00e0&nbsp; Diocese de Ilh\u00e9us, no sul da Bahia.<\/div>\n<div dir=\"auto\">\u00c9 convidada toda a comunidade cat\u00f3lica, em especial a juventude, para participar desse momento de partilha e aprendizado junto com a campanha da fraternidade, que tem como tema: &#8220;Juventude Construindo uma Cultura de Paz&#8221;.<\/div>\n<div dir=\"auto\">O evento ser\u00e1 realizado no dia 30 de setembro, na&nbsp; Par\u00f3quia que est\u00e1 completando 50 anos de funda\u00e7\u00e3o e evangeliza\u00e7\u00e3o dentro dos festejos do Jubileu de Ouro.&nbsp;<\/div>\n<div dir=\"auto\">Esse ano, a Campanha da Fraternidade, &#8220;Fraternidade e supera\u00e7\u00e3o da viol\u00eancia&#8221; inspirou a cria\u00e7\u00e3o do cartaz oficial que foi todo desenvolvido a partir dessa tem\u00e1tica. A identidade do cartaz traz a cultura de paz e supera\u00e7\u00e3o da viol\u00eancia, mostrando o rosto de jovens que s\u00e3o v\u00edtimas da viol\u00eancia, mas tamb\u00e9m protagonistas na busca pela paz.&nbsp;<\/div>\n<div dir=\"auto\">O objetivo \u00e9 interpelar a partir da ideia da constru\u00e7\u00e3o da paz como forma de combate \u00e0 viol\u00eancia e a importante do papel do jovem neste processo.&nbsp;<\/div>\n<div dir=\"auto\">O Dia Nacional da Juventude surgiu em 1985, durante o Ano Internacional da Juventude, promovido pela Organiza\u00e7\u00e3o das Na\u00e7\u00f5es Unidas. Todos os anos organiza-se um dia de festa da juventude, sempre com um tema importante a ser debatido e trabalhado com grupos.&nbsp;<\/div>\n<div dir=\"auto\">O DNJ acontece em todo o pa\u00eds, todos os anos, no \u00faltimo domingo do m\u00eas de outubro, exceto nos anos eleitorais, quando a data \u00e9 alterada, como aconteceu neste ano.&nbsp;<\/div>\n","protected":false},"excerpt":{"rendered":"<p>O Dia Nacional da Juventude ser\u00e1 celebrado na Par\u00f3quia Nossa Senhora de Lourdes na cidade de Coaraci, pertencente \u00e0&nbsp; Diocese de Ilh\u00e9us, no sul da Bahia. \u00c9 convidada toda a comunidade cat\u00f3lica, em especial a juventude, para participar desse momento de partilha e aprendizado junto com a campanha da fraternidade, que tem como tema: &#8220;Juventude&nbsp;<\/p>\n<p><a class=\"btn btn-style\" href=\"http:\/\/portalcatolico.net\/portal\/dia-nacional-da-juventude-sera-celebrado-em-paroquia-de-coaraci\/\">Continue Reading<\/a><\/p>\n","protected":false},"author":2,"featured_media":58394,"comment_status":"open","ping_status":"open","sticky":false,"template":"","format":"standard","meta":{"footnotes":""},"categories":[1],"tags":[],"class_list":["post-58393","post","type-post","status-publish","format-standard","has-post-thumbnail","hentry","category-agenda"],"_links":{"self":[{"href":"http:\/\/portalcatolico.net\/portal\/wp-json\/wp\/v2\/posts\/58393","targetHints":{"allow":["GET"]}}],"collection":[{"href":"http:\/\/portalcatolico.net\/portal\/wp-json\/wp\/v2\/posts"}],"about":[{"href":"http:\/\/portalcatolico.net\/portal\/wp-json\/wp\/v2\/types\/post"}],"author":[{"embeddable":true,"href":"http:\/\/portalcatolico.net\/portal\/wp-json\/wp\/v2\/users\/2"}],"replies":[{"embeddable":true,"href":"http:\/\/portalcatolico.net\/portal\/wp-json\/wp\/v2\/comments?post=58393"}],"version-history":[{"count":2,"href":"http:\/\/portalcatolico.net\/portal\/wp-json\/wp\/v2\/posts\/58393\/revisions"}],"predecessor-version":[{"id":58396,"href":"http:\/\/portalcatolico.net\/portal\/wp-json\/wp\/v2\/posts\/58393\/revisions\/58396"}],"wp:featuredmedia":[{"embeddable":true,"href":"http:\/\/portalcatolico.net\/portal\/wp-json\/wp\/v2\/media\/58394"}],"wp:attachment":[{"href":"http:\/\/portalcatolico.net\/portal\/wp-json\/wp\/v2\/media?parent=58393"}],"wp:term":[{"taxonomy":"category","embeddable":true,"href":"http:\/\/portalcatolico.net\/portal\/wp-json\/wp\/v2\/categories?post=58393"},{"taxonomy":"post_tag","embeddable":true,"href":"http:\/\/portalcatolico.net\/portal\/wp-json\/wp\/v2\/tags?post=58393"}],"curies":[{"name":"wp","href":"https:\/\/api.w.org\/{rel}","templated":true}]}}