{"id":58345,"date":"2018-09-16T22:23:45","date_gmt":"2018-09-17T01:23:45","guid":{"rendered":"http:\/\/portalcatolico.net\/portal\/?p=58345"},"modified":"2018-09-17T06:25:44","modified_gmt":"2018-09-17T09:25:44","slug":"termina-o-novenario-de-n-senhora-da-piedade-e-comeca-o-triduo-nossa-senhora-das-dores-em-itabuna","status":"publish","type":"post","link":"http:\/\/portalcatolico.net\/portal\/termina-o-novenario-de-n-senhora-da-piedade-e-comeca-o-triduo-nossa-senhora-das-dores-em-itabuna\/","title":{"rendered":"Termina o Noven\u00e1rio de N. Senhora da Piedade e come\u00e7a o Tr\u00edduo Nossa Senhora das Dores em Itabuna"},"content":{"rendered":"<p style=\"font-weight: 400;\"><img loading=\"lazy\" decoding=\"async\" class=\"wp-image-58349 aligncenter\" src=\"http:\/\/portalcatolico.net\/portal\/wp-content\/uploads\/2018\/09\/41927461_963468797189076_6360175425196392448_n-300x200.jpg\" alt=\"\" width=\"734\" height=\"489\" srcset=\"http:\/\/portalcatolico.net\/portal\/wp-content\/uploads\/2018\/09\/41927461_963468797189076_6360175425196392448_n-300x200.jpg 300w, http:\/\/portalcatolico.net\/portal\/wp-content\/uploads\/2018\/09\/41927461_963468797189076_6360175425196392448_n-768x512.jpg 768w, http:\/\/portalcatolico.net\/portal\/wp-content\/uploads\/2018\/09\/41927461_963468797189076_6360175425196392448_n.jpg 960w\" sizes=\"auto, (max-width: 734px) 100vw, 734px\" \/>O Noven\u00e1rio&nbsp; e Festa de&nbsp; Nossa Senhora da Piedade, padroeira do bairro&nbsp;Maria Pinheiro, na Diocese e cidade de&nbsp;&nbsp;Itabuna (BA), que teve in\u00edcio&nbsp;no dia&nbsp;06, encerrou neste s\u00e1bado (15). Este ano, a Festa teve como&nbsp;tema: &#8220;Maria, o rosto crist\u00e3o da Igreja&#8221;.&nbsp;<\/p>\n<p style=\"font-weight: 400;\">A Solenidade da Festa&nbsp;encerrou com a santa missa, \u00e0s 18h e em seguida, os fieis seguiram em&nbsp;prociss\u00e3o com a imagem da santa pelas&nbsp; ruas dos bairros Maria Pinheiro e&nbsp;Fonseca,&nbsp;&nbsp;&nbsp;at\u00e9 a comunidade de Nossa Senhora das Dores,&nbsp;situada no bairro Novo Fonseca, pois neste domingo, deu-se in\u00edcio ao Tr\u00edduo e Festa da Santa padroeira do respectivo bairro.<br \/>\nA missa solene foi presidida pelo bispo Diocesano da Diocese de Itabuna,&nbsp;Dom Carlos Alberto dos Santos e concelebrada pelos Frades Servitanos do&nbsp;Instituto Servo do Senhor, os Frades o&nbsp; Pe. Frei Ivanilton&nbsp; Oliveira dos&nbsp;Santos, MsS&nbsp; (P\u00e1roco da Igreja Matriz), o Pe. Frei Marconi Ramos da&nbsp;Silva, MsS. (vig\u00e1rio paroquial) e Di\u00e1cono Trajano Oswaldo.<\/p>\n<p style=\"font-weight: 400;\">Ao final da celebra\u00e7\u00e3o, o Pe. Frei Ivanilton agradeceu a todos que&nbsp;colaboram com a bel\u00edssima festa de Nossa Senhora da Piedade. Ele disse:&nbsp;&#8220;Esta festa foi bonita e organizada com a presen\u00e7a e colabora\u00e7\u00e3o de todos&nbsp;voc\u00eas&nbsp; e de nossos paroquianos. Deus aben\u00e7oe todos voc\u00eas com esta&nbsp;disponibilidades de cada um, n\u00e3o vou citar nomes, porque todos s\u00e3o&nbsp;especiais&#8221;, conclui.<br \/>\nNa oportunidade, os organizadores da festa parabenizaram a equipe do Portal cat\u00f3lico de&nbsp;Noticias&nbsp; pelo bel\u00edssimo trabalho de evangeliza\u00e7\u00e3o que sempre est\u00e1&nbsp;realizando nas par\u00f3quias e por deixar&nbsp;&nbsp;todos os cat\u00f3licos bem&nbsp; informados.<\/p>\n<p>Texto:Portal Cat\u00f3lico.Net<\/p>\n<p>\u00c1lbuns de fotos.<a href=\"https:\/\/www.facebook.com\/portalcatolicooficial\/\">Clique aqui e confira<\/a><\/p>\n","protected":false},"excerpt":{"rendered":"<p>O Noven\u00e1rio&nbsp; e Festa de&nbsp; Nossa Senhora da Piedade, padroeira do bairro&nbsp;Maria Pinheiro, na Diocese e cidade de&nbsp;&nbsp;Itabuna (BA), que teve in\u00edcio&nbsp;no dia&nbsp;06, encerrou neste s\u00e1bado (15). Este ano, a Festa teve como&nbsp;tema: &#8220;Maria, o rosto crist\u00e3o da Igreja&#8221;.&nbsp; A Solenidade da Festa&nbsp;encerrou com a santa missa, \u00e0s 18h e em seguida, os fieis seguiram&nbsp;<\/p>\n<p><a class=\"btn btn-style\" href=\"http:\/\/portalcatolico.net\/portal\/termina-o-novenario-de-n-senhora-da-piedade-e-comeca-o-triduo-nossa-senhora-das-dores-em-itabuna\/\">Continue Reading<\/a><\/p>\n","protected":false},"author":2,"featured_media":58346,"comment_status":"open","ping_status":"open","sticky":false,"template":"","format":"standard","meta":{"footnotes":""},"categories":[68],"tags":[],"class_list":["post-58345","post","type-post","status-publish","format-standard","has-post-thumbnail","hentry","category-homilias"],"_links":{"self":[{"href":"http:\/\/portalcatolico.net\/portal\/wp-json\/wp\/v2\/posts\/58345","targetHints":{"allow":["GET"]}}],"collection":[{"href":"http:\/\/portalcatolico.net\/portal\/wp-json\/wp\/v2\/posts"}],"about":[{"href":"http:\/\/portalcatolico.net\/portal\/wp-json\/wp\/v2\/types\/post"}],"author":[{"embeddable":true,"href":"http:\/\/portalcatolico.net\/portal\/wp-json\/wp\/v2\/users\/2"}],"replies":[{"embeddable":true,"href":"http:\/\/portalcatolico.net\/portal\/wp-json\/wp\/v2\/comments?post=58345"}],"version-history":[{"count":2,"href":"http:\/\/portalcatolico.net\/portal\/wp-json\/wp\/v2\/posts\/58345\/revisions"}],"predecessor-version":[{"id":58350,"href":"http:\/\/portalcatolico.net\/portal\/wp-json\/wp\/v2\/posts\/58345\/revisions\/58350"}],"wp:featuredmedia":[{"embeddable":true,"href":"http:\/\/portalcatolico.net\/portal\/wp-json\/wp\/v2\/media\/58346"}],"wp:attachment":[{"href":"http:\/\/portalcatolico.net\/portal\/wp-json\/wp\/v2\/media?parent=58345"}],"wp:term":[{"taxonomy":"category","embeddable":true,"href":"http:\/\/portalcatolico.net\/portal\/wp-json\/wp\/v2\/categories?post=58345"},{"taxonomy":"post_tag","embeddable":true,"href":"http:\/\/portalcatolico.net\/portal\/wp-json\/wp\/v2\/tags?post=58345"}],"curies":[{"name":"wp","href":"https:\/\/api.w.org\/{rel}","templated":true}]}}