{"id":58336,"date":"2018-09-16T22:05:50","date_gmt":"2018-09-17T01:05:50","guid":{"rendered":"http:\/\/portalcatolico.net\/portal\/?p=58336"},"modified":"2018-09-17T06:11:50","modified_gmt":"2018-09-17T09:11:50","slug":"nossa-senhora-da-soledade-e-celebrada-na-lapa","status":"publish","type":"post","link":"http:\/\/portalcatolico.net\/portal\/nossa-senhora-da-soledade-e-celebrada-na-lapa\/","title":{"rendered":"Nossa Senhora da Soledade \u00e9 celebrada na Lapa"},"content":{"rendered":"<p style=\"font-weight: 400;\">O Seten\u00e1rio em honra \u00e0 m\u00e3e Nossa Senhora da Soledade foi&nbsp; realizado na esplanada do&nbsp; Santu\u00e1rio&nbsp;de Bom Jesus da Lapa que neste ano de 2018&nbsp;completou 327 anos de&nbsp; evangeliza\u00e7\u00e3o.<\/p>\n<p style=\"font-weight: 400;\">O encerramento da festa chegou ao fim neste s\u00e1bado&nbsp;(15)&nbsp;com&nbsp; a \u00faltima celebra\u00e7\u00e3o \u00e0s 18h e o&nbsp; pregador&nbsp; para refletir&nbsp; o subtema da noite&nbsp;foi o&nbsp; Pe. Roque Silva Alves , CSsR,&nbsp; que \u00e9 Superior Vice-&nbsp;Provincial dos Mission\u00e1rios Redentoristas no estada da&nbsp; Bahia. Na oportunidade, ele disse: &#8220;H\u00e1 327 atr\u00e1s, aqui tamb\u00e9m chegou um leigo, que tinha no cora\u00e7\u00e3o duas grandes devo\u00e7\u00f5es: a devo\u00e7\u00e3o ao Bom Jesus e a devo\u00e7\u00e3o \u00e0 Senhora da Soledade. O nome desse leigo era Francisco de Mendon\u00e7a Mar, o primeiro peregrino do Bom Jesus, o primeiro peregrino de Nossa Senhora da Soledade. Ele \u00e9 a causa desata Romaria!&#8221;<\/p>\n<p style=\"font-weight: 400;\"><img loading=\"lazy\" decoding=\"async\" class=\"size-medium wp-image-58339 alignleft\" src=\"http:\/\/portalcatolico.net\/portal\/wp-content\/uploads\/2018\/09\/41815235_1917780201635980_4505942072468963328_n-300x168.jpg\" alt=\"\" width=\"300\" height=\"168\" srcset=\"http:\/\/portalcatolico.net\/portal\/wp-content\/uploads\/2018\/09\/41815235_1917780201635980_4505942072468963328_n-300x168.jpg 300w, http:\/\/portalcatolico.net\/portal\/wp-content\/uploads\/2018\/09\/41815235_1917780201635980_4505942072468963328_n-768x431.jpg 768w, http:\/\/portalcatolico.net\/portal\/wp-content\/uploads\/2018\/09\/41815235_1917780201635980_4505942072468963328_n.jpg 960w\" sizes=\"auto, (max-width: 300px) 100vw, 300px\" \/>A Festa&nbsp;de Nossa Senhora&nbsp; da Soledade est\u00e1 entre as principais manifesta\u00e7\u00f5es religiosas que acontecem em Bom&nbsp;Jesus da Lapa, no Oeste baiano, sendo uma das tr\u00eas romarias que mais atraem fieis, sendo cerca de 2,5 milh\u00f5es de romeiros por ano, aliado a outras&nbsp;romarias. Vindos de v\u00e1rias partes do pa\u00eds, milhares de romeiros e&nbsp;romeiras se aglomeram diariamente na Gruta do Bom Jesus, onde visitam&nbsp;capelas, cumprem promessas e participam de celebra\u00e7\u00f5es e agradecer por&nbsp;gra\u00e7as alcan\u00e7adas ou para pedir b\u00ean\u00e7\u00e3os e gra\u00e7as, pela intercess\u00e3o dos&nbsp;santos cat\u00f3licos.<\/p>\n<p style=\"font-weight: 400;\">A Santa Missa Festiva de Nossa Senhora da Soledade&nbsp;reuniu milhares de romeiros e romeiras na esplanada do Santu\u00e1rio para&nbsp;louvar o Bom Jesus por meio das Sete Dores da Rainha da Igreja de Pedra&nbsp;e Luz.&nbsp;<\/p>\n<p style=\"font-weight: 400;\">A celebra\u00e7\u00e3o Eucar\u00edstica&nbsp; foi presidida pelo bispo da Diocese de&nbsp;Bom Jesus da Lapa, Dom Jo\u00e3o Santos Cardoso&nbsp; e concelebrada por padres&nbsp;diocesanos e padres Mission\u00e1rios Redentoristas e logo&nbsp; ap\u00f3s&nbsp; a santa&nbsp;missa das 7h, romeiros e fieis devotos acompanharam a prociss\u00e3o com a Imagem&nbsp;da Santa no&nbsp; Andor de Nossa Senhora da Soledade pelas ruas e avenidas da&nbsp;cidade de Bom Jesus da Lapa, em uma grande prociss\u00e3o de f\u00e9 e de&nbsp;espiritualidade.<\/p>\n<p><em>Fotos: Uelder Negr\u00e3o\/Santu\u00e1rio de Bom Jesus da Lapa (BA)<\/em><\/p>\n<p><em>Texto:Portal Cat\u00f3lico.Net<\/em><\/p>\n<p><img loading=\"lazy\" decoding=\"async\" class=\"wp-image-58341 aligncenter\" src=\"http:\/\/portalcatolico.net\/portal\/wp-content\/uploads\/2018\/09\/41886577_1917779198302747_8580894093863813120_n-300x168.jpg\" alt=\"\" width=\"736\" height=\"412\" srcset=\"http:\/\/portalcatolico.net\/portal\/wp-content\/uploads\/2018\/09\/41886577_1917779198302747_8580894093863813120_n-300x168.jpg 300w, http:\/\/portalcatolico.net\/portal\/wp-content\/uploads\/2018\/09\/41886577_1917779198302747_8580894093863813120_n-768x431.jpg 768w, http:\/\/portalcatolico.net\/portal\/wp-content\/uploads\/2018\/09\/41886577_1917779198302747_8580894093863813120_n.jpg 960w\" sizes=\"auto, (max-width: 736px) 100vw, 736px\" \/><\/p>\n<p><img loading=\"lazy\" decoding=\"async\" class=\"wp-image-58342 aligncenter\" src=\"http:\/\/portalcatolico.net\/portal\/wp-content\/uploads\/2018\/09\/41850539_1917780884969245_761530012619767808_n-300x168.jpg\" alt=\"\" width=\"732\" height=\"410\" srcset=\"http:\/\/portalcatolico.net\/portal\/wp-content\/uploads\/2018\/09\/41850539_1917780884969245_761530012619767808_n-300x168.jpg 300w, http:\/\/portalcatolico.net\/portal\/wp-content\/uploads\/2018\/09\/41850539_1917780884969245_761530012619767808_n-768x430.jpg 768w, http:\/\/portalcatolico.net\/portal\/wp-content\/uploads\/2018\/09\/41850539_1917780884969245_761530012619767808_n.jpg 960w\" sizes=\"auto, (max-width: 732px) 100vw, 732px\" \/><\/p>\n<p><img loading=\"lazy\" decoding=\"async\" class=\"wp-image-58343 aligncenter\" src=\"http:\/\/portalcatolico.net\/portal\/wp-content\/uploads\/2018\/09\/41752325_1917781281635872_1372290859080351744_n-300x183.jpg\" alt=\"\" width=\"733\" height=\"447\" srcset=\"http:\/\/portalcatolico.net\/portal\/wp-content\/uploads\/2018\/09\/41752325_1917781281635872_1372290859080351744_n-300x183.jpg 300w, http:\/\/portalcatolico.net\/portal\/wp-content\/uploads\/2018\/09\/41752325_1917781281635872_1372290859080351744_n-768x469.jpg 768w, http:\/\/portalcatolico.net\/portal\/wp-content\/uploads\/2018\/09\/41752325_1917781281635872_1372290859080351744_n.jpg 960w\" sizes=\"auto, (max-width: 733px) 100vw, 733px\" \/><\/p>\n","protected":false},"excerpt":{"rendered":"<p>O Seten\u00e1rio em honra \u00e0 m\u00e3e Nossa Senhora da Soledade foi&nbsp; realizado na esplanada do&nbsp; Santu\u00e1rio&nbsp;de Bom Jesus da Lapa que neste ano de 2018&nbsp;completou 327 anos de&nbsp; evangeliza\u00e7\u00e3o. O encerramento da festa chegou ao fim neste s\u00e1bado&nbsp;(15)&nbsp;com&nbsp; a \u00faltima celebra\u00e7\u00e3o \u00e0s 18h e o&nbsp; pregador&nbsp; para refletir&nbsp; o subtema da noite&nbsp;foi o&nbsp; Pe. Roque&nbsp;<\/p>\n<p><a class=\"btn btn-style\" href=\"http:\/\/portalcatolico.net\/portal\/nossa-senhora-da-soledade-e-celebrada-na-lapa\/\">Continue Reading<\/a><\/p>\n","protected":false},"author":2,"featured_media":58337,"comment_status":"open","ping_status":"open","sticky":false,"template":"","format":"standard","meta":{"footnotes":""},"categories":[68],"tags":[],"class_list":["post-58336","post","type-post","status-publish","format-standard","has-post-thumbnail","hentry","category-homilias"],"_links":{"self":[{"href":"http:\/\/portalcatolico.net\/portal\/wp-json\/wp\/v2\/posts\/58336","targetHints":{"allow":["GET"]}}],"collection":[{"href":"http:\/\/portalcatolico.net\/portal\/wp-json\/wp\/v2\/posts"}],"about":[{"href":"http:\/\/portalcatolico.net\/portal\/wp-json\/wp\/v2\/types\/post"}],"author":[{"embeddable":true,"href":"http:\/\/portalcatolico.net\/portal\/wp-json\/wp\/v2\/users\/2"}],"replies":[{"embeddable":true,"href":"http:\/\/portalcatolico.net\/portal\/wp-json\/wp\/v2\/comments?post=58336"}],"version-history":[{"count":3,"href":"http:\/\/portalcatolico.net\/portal\/wp-json\/wp\/v2\/posts\/58336\/revisions"}],"predecessor-version":[{"id":58344,"href":"http:\/\/portalcatolico.net\/portal\/wp-json\/wp\/v2\/posts\/58336\/revisions\/58344"}],"wp:featuredmedia":[{"embeddable":true,"href":"http:\/\/portalcatolico.net\/portal\/wp-json\/wp\/v2\/media\/58337"}],"wp:attachment":[{"href":"http:\/\/portalcatolico.net\/portal\/wp-json\/wp\/v2\/media?parent=58336"}],"wp:term":[{"taxonomy":"category","embeddable":true,"href":"http:\/\/portalcatolico.net\/portal\/wp-json\/wp\/v2\/categories?post=58336"},{"taxonomy":"post_tag","embeddable":true,"href":"http:\/\/portalcatolico.net\/portal\/wp-json\/wp\/v2\/tags?post=58336"}],"curies":[{"name":"wp","href":"https:\/\/api.w.org\/{rel}","templated":true}]}}