{"id":58331,"date":"2018-09-16T22:39:56","date_gmt":"2018-09-17T01:39:56","guid":{"rendered":"http:\/\/portalcatolico.net\/portal\/?p=58331"},"modified":"2018-09-16T22:41:08","modified_gmt":"2018-09-17T01:41:08","slug":"portal-catolico-de-noticias-celebra-mais-uma-homenagem","status":"publish","type":"post","link":"http:\/\/portalcatolico.net\/portal\/portal-catolico-de-noticias-celebra-mais-uma-homenagem\/","title":{"rendered":"Portal Cat\u00f3lico de Not\u00edcias celebra mais uma homenagem!"},"content":{"rendered":"<div dir=\"auto\">A coordena\u00e7\u00e3o da Festa de Nossa Senhora da Piedade em Itabuna e os Frades Servitanos parabenizaram o trabalho de evangeliza\u00e7\u00e3o que est\u00e1 sendo feito pelo Portal Cat\u00f3lico de Not\u00edcias, um meio de comunica\u00e7\u00e3o particular da categoria cat\u00f3lica que \u00e9 um dos sites cat\u00f3licos mais acessados do interior da Bahia, e que tem a r\u00e1dio web que \u00e9 a oitava do pa\u00eds mais ouvida.&nbsp;<\/div>\n<div dir=\"auto\">&nbsp;<\/div>\n<div dir=\"auto\">Na oportunidade, o trabalho do Portal Cat\u00f3lico foi exaltado, reiterando que esse meio impulsionou outros sites a divulgarem o projeto t\u00e3o importante.<\/div>\n<div dir=\"auto\">&nbsp;<\/div>\n<div dir=\"auto\">Vale ressaltar que o nosso trabalho traduz a f\u00e9 e a evangeliza\u00e7\u00e3o dos irm\u00e3os \u00e9 o reconhecimento aos relevantes servi\u00e7os prestados e o esfor\u00e7o em prol da constru\u00e7\u00e3o do Reino de Deus.&nbsp;<\/div>\n<div dir=\"auto\">&nbsp;<\/div>\n<div dir=\"auto\">\u00c9 gratificante quando temos a oportunidade de servir ao p\u00fablico cat\u00f3lico da regi\u00e3o sul baiana e de todo o mundo&nbsp; que sempre est\u00e1 conectado com as not\u00edcias em tempo real e com exclusividade. Estamos gratos com tantas mensagens de parab\u00e9ns e com diversos elogios. Nossa equipe vem atrav\u00e9s deste meio de comunica\u00e7\u00e3o&nbsp; para agradecer aos irm\u00e3os que enviam seus textos e fotos para nossa reda\u00e7\u00e3o, e que tamb\u00e9m acabam contribuindo com a&nbsp; evangeliza\u00e7\u00e3o. os nossos agradecimentos tamb\u00e9m.<\/div>\n<div dir=\"auto\">&nbsp;<\/div>\n<div dir=\"auto\">Vale lembrar que em 2017, este Portal tamb\u00e9m teve o seu reconhecimento e foi homenageado. Confira no link a seguir: <a href=\"http:\/\/portalcatolico.net\/portal\/portal-catolico-recebe-titulo-de-honra-ao-merito\/\">http:\/\/portalcatolico.net\/portal\/portal-catolico-recebe-titulo-de-honra-ao-merito\/<\/a><\/div>\n","protected":false},"excerpt":{"rendered":"<p>A coordena\u00e7\u00e3o da Festa de Nossa Senhora da Piedade em Itabuna e os Frades Servitanos parabenizaram o trabalho de evangeliza\u00e7\u00e3o que est\u00e1 sendo feito pelo Portal Cat\u00f3lico de Not\u00edcias, um meio de comunica\u00e7\u00e3o particular da categoria cat\u00f3lica que \u00e9 um dos sites cat\u00f3licos mais acessados do interior da Bahia, e que tem a r\u00e1dio web&nbsp;<\/p>\n<p><a class=\"btn btn-style\" href=\"http:\/\/portalcatolico.net\/portal\/portal-catolico-de-noticias-celebra-mais-uma-homenagem\/\">Continue Reading<\/a><\/p>\n","protected":false},"author":2,"featured_media":58332,"comment_status":"open","ping_status":"open","sticky":false,"template":"","format":"standard","meta":{"footnotes":""},"categories":[4],"tags":[],"class_list":["post-58331","post","type-post","status-publish","format-standard","has-post-thumbnail","hentry","category-destaques"],"_links":{"self":[{"href":"http:\/\/portalcatolico.net\/portal\/wp-json\/wp\/v2\/posts\/58331","targetHints":{"allow":["GET"]}}],"collection":[{"href":"http:\/\/portalcatolico.net\/portal\/wp-json\/wp\/v2\/posts"}],"about":[{"href":"http:\/\/portalcatolico.net\/portal\/wp-json\/wp\/v2\/types\/post"}],"author":[{"embeddable":true,"href":"http:\/\/portalcatolico.net\/portal\/wp-json\/wp\/v2\/users\/2"}],"replies":[{"embeddable":true,"href":"http:\/\/portalcatolico.net\/portal\/wp-json\/wp\/v2\/comments?post=58331"}],"version-history":[{"count":3,"href":"http:\/\/portalcatolico.net\/portal\/wp-json\/wp\/v2\/posts\/58331\/revisions"}],"predecessor-version":[{"id":58335,"href":"http:\/\/portalcatolico.net\/portal\/wp-json\/wp\/v2\/posts\/58331\/revisions\/58335"}],"wp:featuredmedia":[{"embeddable":true,"href":"http:\/\/portalcatolico.net\/portal\/wp-json\/wp\/v2\/media\/58332"}],"wp:attachment":[{"href":"http:\/\/portalcatolico.net\/portal\/wp-json\/wp\/v2\/media?parent=58331"}],"wp:term":[{"taxonomy":"category","embeddable":true,"href":"http:\/\/portalcatolico.net\/portal\/wp-json\/wp\/v2\/categories?post=58331"},{"taxonomy":"post_tag","embeddable":true,"href":"http:\/\/portalcatolico.net\/portal\/wp-json\/wp\/v2\/tags?post=58331"}],"curies":[{"name":"wp","href":"https:\/\/api.w.org\/{rel}","templated":true}]}}