{"id":58319,"date":"2018-10-09T00:46:11","date_gmt":"2018-10-09T03:46:11","guid":{"rendered":"http:\/\/portalcatolico.net\/portal\/?p=58319"},"modified":"2018-10-08T21:08:22","modified_gmt":"2018-10-09T00:08:22","slug":"paroquia-em-ibicarai-passa-por-mais-uma-revitalizacao","status":"publish","type":"post","link":"http:\/\/portalcatolico.net\/portal\/paroquia-em-ibicarai-passa-por-mais-uma-revitalizacao\/","title":{"rendered":"Par\u00f3quia em Ibicara\u00ed passa por mais uma revitaliza\u00e7\u00e3o"},"content":{"rendered":"<div dir=\"auto\"><img loading=\"lazy\" decoding=\"async\" class=\"size-medium wp-image-58321 alignleft\" src=\"http:\/\/portalcatolico.net\/portal\/wp-content\/uploads\/2018\/09\/41880684_2169714396686040_5297929218603089920_n-300x225.jpg\" alt=\"\" width=\"300\" height=\"225\" srcset=\"http:\/\/portalcatolico.net\/portal\/wp-content\/uploads\/2018\/09\/41880684_2169714396686040_5297929218603089920_n-300x225.jpg 300w, http:\/\/portalcatolico.net\/portal\/wp-content\/uploads\/2018\/09\/41880684_2169714396686040_5297929218603089920_n-768x576.jpg 768w, http:\/\/portalcatolico.net\/portal\/wp-content\/uploads\/2018\/09\/41880684_2169714396686040_5297929218603089920_n.jpg 960w\" sizes=\"auto, (max-width: 300px) 100vw, 300px\" \/>A comunidade cat\u00f3lica de Ibicara\u00ed, no sul da Bahia, parabeniza ao Padre Wesley por mais uma etapa cumprida da revitaliza\u00e7\u00e3o da Igreja do Senhor Deus Menino (com pintura, trocas de portas, parte el\u00e9trica, entre outras coisas). Em sua p\u00e1gina no Facebook,&nbsp; Padre Wesley agradeceu a todos que colaboraram para que os projetos fossem conclu\u00eddos e disse: &#8220;Aqui \u00e9 o lugar onde devemos fazer o verdadeiro encontro com o senhor, e o primeiro encontro que fazemos com Deus \u00e9 pela beleza. Que possamos resgatar n\u00e3o s\u00f3 a beleza das estruturas, mas tamb\u00e9m a beleza do nosso interior&#8221;.&nbsp;<\/div>\n<div dir=\"auto\">O Conselho de Pastoral Paroquial publicou tamb\u00e9m no facebook, o an\u00fancio do show de pr\u00eamios para o dia 25 de novembro em prol da reforma da par\u00f3quia Senhor Deus Menino. Acompanhe a evangeliza\u00e7\u00e3o e outras novidades na p\u00e1gina da par\u00f3quia no facebook.<\/div>\n<div dir=\"auto\">\n<p>Segue o link: <a href=\"https:\/\/www.facebook.com\/paroquiaibicarai\">https:\/\/www.facebook.com\/paroquiaibicarai<\/a><\/p>\n<\/div>\n<div dir=\"auto\">\n<p>Vem a\u00ed o Show de Pr\u00eamios da Par\u00f3quia do Senhor Deus Menino de Ibicara\u00ed<\/p>\n<\/div>\n<div dir=\"auto\">Um belo show de pr\u00eamios acontecer\u00e1 em prol da&nbsp; reforma da Par\u00f3quia Senhor Deus Menino e para contribuir com a fase terminal desta obra ser\u00e1 feito um grande sorteio no dia 25 de novembro, na festa de CRISTO REI DO UNIVERSO, ap\u00f3s a missa das 7h.<\/div>\n<div dir=\"auto\">O sorteio ser\u00e1 ao vivo atrav\u00e9s das&nbsp; redes sociais.&nbsp;<\/div>\n<div dir=\"auto\">\n<p>Contribua com a obra, procure adquirir seu bilhete. Dirija-se at\u00e9 a secret\u00e1ria paroquial e retirar o seu carn\u00ea.<\/p>\n<\/div>\n<div dir=\"auto\">\n<p>Confira quais s\u00e3o os pr\u00eamios:<\/p>\n<\/div>\n<div dir=\"auto\">1\u00ba pr\u00eamio: TV 50&#8242; 2\u00ba pr\u00eamio: 1 Bezerro 3\u00ba pr\u00eamio: 1 Cama Box (solteiro) 4\u00ba pr\u00eamio: 1 Liquidificador 5\u00ba pr\u00eamio: 1 Sanduicheira 6\u00ba pr\u00eamio: 1 Ferro de passar<\/div>\n<div dir=\"auto\">Valor do bilhete: R$ 10,00<\/div>\n<div dir=\"auto\">&nbsp;<\/div>\n<div dir=\"auto\">Edi\u00e7\u00e3o de texto:Portal Cat\u00f3lico.Net com informa\u00e7\u00f5es e fotos:Par\u00f3quia Senhor Deus Menino<\/div>\n","protected":false},"excerpt":{"rendered":"<p>A comunidade cat\u00f3lica de Ibicara\u00ed, no sul da Bahia, parabeniza ao Padre Wesley por mais uma etapa cumprida da revitaliza\u00e7\u00e3o da Igreja do Senhor Deus Menino (com pintura, trocas de portas, parte el\u00e9trica, entre outras coisas). Em sua p\u00e1gina no Facebook,&nbsp; Padre Wesley agradeceu a todos que colaboraram para que os projetos fossem conclu\u00eddos e&nbsp;<\/p>\n<p><a class=\"btn btn-style\" href=\"http:\/\/portalcatolico.net\/portal\/paroquia-em-ibicarai-passa-por-mais-uma-revitalizacao\/\">Continue Reading<\/a><\/p>\n","protected":false},"author":2,"featured_media":58320,"comment_status":"open","ping_status":"open","sticky":false,"template":"","format":"standard","meta":{"footnotes":""},"categories":[4],"tags":[],"class_list":["post-58319","post","type-post","status-publish","format-standard","has-post-thumbnail","hentry","category-destaques"],"_links":{"self":[{"href":"http:\/\/portalcatolico.net\/portal\/wp-json\/wp\/v2\/posts\/58319","targetHints":{"allow":["GET"]}}],"collection":[{"href":"http:\/\/portalcatolico.net\/portal\/wp-json\/wp\/v2\/posts"}],"about":[{"href":"http:\/\/portalcatolico.net\/portal\/wp-json\/wp\/v2\/types\/post"}],"author":[{"embeddable":true,"href":"http:\/\/portalcatolico.net\/portal\/wp-json\/wp\/v2\/users\/2"}],"replies":[{"embeddable":true,"href":"http:\/\/portalcatolico.net\/portal\/wp-json\/wp\/v2\/comments?post=58319"}],"version-history":[{"count":2,"href":"http:\/\/portalcatolico.net\/portal\/wp-json\/wp\/v2\/posts\/58319\/revisions"}],"predecessor-version":[{"id":59750,"href":"http:\/\/portalcatolico.net\/portal\/wp-json\/wp\/v2\/posts\/58319\/revisions\/59750"}],"wp:featuredmedia":[{"embeddable":true,"href":"http:\/\/portalcatolico.net\/portal\/wp-json\/wp\/v2\/media\/58320"}],"wp:attachment":[{"href":"http:\/\/portalcatolico.net\/portal\/wp-json\/wp\/v2\/media?parent=58319"}],"wp:term":[{"taxonomy":"category","embeddable":true,"href":"http:\/\/portalcatolico.net\/portal\/wp-json\/wp\/v2\/categories?post=58319"},{"taxonomy":"post_tag","embeddable":true,"href":"http:\/\/portalcatolico.net\/portal\/wp-json\/wp\/v2\/tags?post=58319"}],"curies":[{"name":"wp","href":"https:\/\/api.w.org\/{rel}","templated":true}]}}