{"id":58316,"date":"2018-09-16T14:00:46","date_gmt":"2018-09-16T17:00:46","guid":{"rendered":"http:\/\/portalcatolico.net\/portal\/?p=58316"},"modified":"2018-09-16T14:33:06","modified_gmt":"2018-09-16T17:33:06","slug":"peregrinacao-de-capelinhas-anima-festa-da-padroeira-de-natal","status":"publish","type":"post","link":"http:\/\/portalcatolico.net\/portal\/peregrinacao-de-capelinhas-anima-festa-da-padroeira-de-natal\/","title":{"rendered":"Peregrina\u00e7\u00e3o de capelinhas anima festa da Padroeira de Natal"},"content":{"rendered":"<p>A tradicional Festa de Nossa Senhora da Apresenta\u00e7\u00e3o ser\u00e1 celebrada no per\u00edodo de 11 a 21 de novembro.<\/p>\n<p>Como preparativo para as festividades em honra a padroeira da Arquidiocese e da cidade do Natal, cerca de 100 capelinhas com a imagem de Nossa Senhora da Apresenta\u00e7\u00e3o v\u00e3o visitar lares de fi\u00e9is e devotos, a partir da pr\u00f3xima segunda-feira, 17 de setembro.<\/p>\n<p>No mesmo dia, a celebra\u00e7\u00e3o de envio das capelinhas acontecer\u00e1 na Catedral Metropolitana, \u00e0s 19h, presidida pelo Padre Edmilson Lopes, da Comunidade Can\u00e7\u00e3o Nova.<\/p>\n<p>A peregrina\u00e7\u00e3o das capelinhas ocorre entre 17 de setembro e 9 de novembro, no mesmo per\u00edodo em que uma imagem da padroeira tamb\u00e9m peregrina por escolas, institui\u00e7\u00f5es governamentais e n\u00e3o governamentais.&nbsp;<\/p>\n<p>Com informa\u00e7\u00f5es da Arquidiocese de Natal e Gaudium Press<\/p>\n","protected":false},"excerpt":{"rendered":"<p>A tradicional Festa de Nossa Senhora da Apresenta\u00e7\u00e3o ser\u00e1 celebrada no per\u00edodo de 11 a 21 de novembro. Como preparativo para as festividades em honra a padroeira da Arquidiocese e da cidade do Natal, cerca de 100 capelinhas com a imagem de Nossa Senhora da Apresenta\u00e7\u00e3o v\u00e3o visitar lares de fi\u00e9is e devotos, a partir&nbsp;<\/p>\n<p><a class=\"btn btn-style\" href=\"http:\/\/portalcatolico.net\/portal\/peregrinacao-de-capelinhas-anima-festa-da-padroeira-de-natal\/\">Continue Reading<\/a><\/p>\n","protected":false},"author":2,"featured_media":58317,"comment_status":"open","ping_status":"open","sticky":false,"template":"","format":"standard","meta":{"footnotes":""},"categories":[3],"tags":[],"class_list":["post-58316","post","type-post","status-publish","format-standard","has-post-thumbnail","hentry","category-noticias_regionais"],"_links":{"self":[{"href":"http:\/\/portalcatolico.net\/portal\/wp-json\/wp\/v2\/posts\/58316","targetHints":{"allow":["GET"]}}],"collection":[{"href":"http:\/\/portalcatolico.net\/portal\/wp-json\/wp\/v2\/posts"}],"about":[{"href":"http:\/\/portalcatolico.net\/portal\/wp-json\/wp\/v2\/types\/post"}],"author":[{"embeddable":true,"href":"http:\/\/portalcatolico.net\/portal\/wp-json\/wp\/v2\/users\/2"}],"replies":[{"embeddable":true,"href":"http:\/\/portalcatolico.net\/portal\/wp-json\/wp\/v2\/comments?post=58316"}],"version-history":[{"count":1,"href":"http:\/\/portalcatolico.net\/portal\/wp-json\/wp\/v2\/posts\/58316\/revisions"}],"predecessor-version":[{"id":58318,"href":"http:\/\/portalcatolico.net\/portal\/wp-json\/wp\/v2\/posts\/58316\/revisions\/58318"}],"wp:featuredmedia":[{"embeddable":true,"href":"http:\/\/portalcatolico.net\/portal\/wp-json\/wp\/v2\/media\/58317"}],"wp:attachment":[{"href":"http:\/\/portalcatolico.net\/portal\/wp-json\/wp\/v2\/media?parent=58316"}],"wp:term":[{"taxonomy":"category","embeddable":true,"href":"http:\/\/portalcatolico.net\/portal\/wp-json\/wp\/v2\/categories?post=58316"},{"taxonomy":"post_tag","embeddable":true,"href":"http:\/\/portalcatolico.net\/portal\/wp-json\/wp\/v2\/tags?post=58316"}],"curies":[{"name":"wp","href":"https:\/\/api.w.org\/{rel}","templated":true}]}}