{"id":58313,"date":"2018-09-16T14:27:37","date_gmt":"2018-09-16T17:27:37","guid":{"rendered":"http:\/\/portalcatolico.net\/portal\/?p=58313"},"modified":"2018-09-16T14:27:37","modified_gmt":"2018-09-16T17:27:37","slug":"populismo-deve-servir-as-pessoas-e-nao-incitar-o-odio-declara-papa-francisco","status":"publish","type":"post","link":"http:\/\/portalcatolico.net\/portal\/populismo-deve-servir-as-pessoas-e-nao-incitar-o-odio-declara-papa-francisco\/","title":{"rendered":"\u2018Populismo deve servir \u00e0s pessoas e n\u00e3o incitar o \u00f3dio\u2019, declara Papa Francisco"},"content":{"rendered":"<p>Ap\u00f3s ser atacado por pol\u00edticos italianos em decorr\u00eancia de sua defesa aos imigrantes, o Papa Francisco recomendou um populismo do tipo crist\u00e3o.<\/p>\n<p>Em uma missa ao ar livre realizada neste s\u00e1bado (15) com cerca de 100 mil pessoas, o pont\u00edfice declarou que \u201co \u00fanico populismo poss\u00edvel\u201d \u00e9 o do modelo crist\u00e3o, que \u201couve e serve ao povo, sem gritar, acusar e incitar brigas\u201d. A declara\u00e7\u00e3o ocorreu em Palermo, capital da Sic\u00edlia.<\/p>\n<p>Centenas de milhares de imigrantes resgatados no mar Mediterr\u00e2neo nos \u00faltimos anos foram levados para os portos da ilha. Francisco defendeu com firmeza os direitos dos imigrantes.<span id=\"more-123578\"><\/span><\/p>\n<p>O novo governo populista da It\u00e1lia tem tentado desencorajar a chegada de mais imigrantes ao pa\u00eds. O ministro do Interior italiano, Matteo Salvini, insiste que as pessoas que forem resgatadas no mar de barcos de traficantes n\u00e3o ter\u00e3o permiss\u00e3o de entrada na It\u00e1lia.<\/p>\n<p>Durante a visita \u00e0 Palermo, para homenagear um padre morto pela m\u00e1fia por tentar proteger jovens do crime organizado, o papa tamb\u00e9m se dirigiu aos membros do grupo, pedindo que renunciassem \u00e0 busca de poder e dinheiro.<\/p>\n<p>\u201cDigo aos mafiosos: mudem, irm\u00e3os e irm\u00e3s. Parem de pensar em voc\u00eas mesmos e no seu dinheiro. Voc\u00eas sabem, uma mortalha funeral n\u00e3o tem bolsos. Voc\u00ea n\u00e3o pode lev\u00e1-lo com voc\u00eas\u201d, disse.(Bahia.ba)<\/p>\n<p>Foto: Sebastian Rodriguez\/ Gobierno de Chile\/ Fotos P\u00fablicas&nbsp;<\/p>\n","protected":false},"excerpt":{"rendered":"<p>Ap\u00f3s ser atacado por pol\u00edticos italianos em decorr\u00eancia de sua defesa aos imigrantes, o Papa Francisco recomendou um populismo do tipo crist\u00e3o. Em uma missa ao ar livre realizada neste s\u00e1bado (15) com cerca de 100 mil pessoas, o pont\u00edfice declarou que \u201co \u00fanico populismo poss\u00edvel\u201d \u00e9 o do modelo crist\u00e3o, que \u201couve e serve&nbsp;<\/p>\n<p><a class=\"btn btn-style\" href=\"http:\/\/portalcatolico.net\/portal\/populismo-deve-servir-as-pessoas-e-nao-incitar-o-odio-declara-papa-francisco\/\">Continue Reading<\/a><\/p>\n","protected":false},"author":2,"featured_media":58314,"comment_status":"open","ping_status":"open","sticky":false,"template":"","format":"standard","meta":{"footnotes":""},"categories":[5],"tags":[],"class_list":["post-58313","post","type-post","status-publish","format-standard","has-post-thumbnail","hentry","category-igreja_no_mundo"],"_links":{"self":[{"href":"http:\/\/portalcatolico.net\/portal\/wp-json\/wp\/v2\/posts\/58313","targetHints":{"allow":["GET"]}}],"collection":[{"href":"http:\/\/portalcatolico.net\/portal\/wp-json\/wp\/v2\/posts"}],"about":[{"href":"http:\/\/portalcatolico.net\/portal\/wp-json\/wp\/v2\/types\/post"}],"author":[{"embeddable":true,"href":"http:\/\/portalcatolico.net\/portal\/wp-json\/wp\/v2\/users\/2"}],"replies":[{"embeddable":true,"href":"http:\/\/portalcatolico.net\/portal\/wp-json\/wp\/v2\/comments?post=58313"}],"version-history":[{"count":1,"href":"http:\/\/portalcatolico.net\/portal\/wp-json\/wp\/v2\/posts\/58313\/revisions"}],"predecessor-version":[{"id":58315,"href":"http:\/\/portalcatolico.net\/portal\/wp-json\/wp\/v2\/posts\/58313\/revisions\/58315"}],"wp:featuredmedia":[{"embeddable":true,"href":"http:\/\/portalcatolico.net\/portal\/wp-json\/wp\/v2\/media\/58314"}],"wp:attachment":[{"href":"http:\/\/portalcatolico.net\/portal\/wp-json\/wp\/v2\/media?parent=58313"}],"wp:term":[{"taxonomy":"category","embeddable":true,"href":"http:\/\/portalcatolico.net\/portal\/wp-json\/wp\/v2\/categories?post=58313"},{"taxonomy":"post_tag","embeddable":true,"href":"http:\/\/portalcatolico.net\/portal\/wp-json\/wp\/v2\/tags?post=58313"}],"curies":[{"name":"wp","href":"https:\/\/api.w.org\/{rel}","templated":true}]}}