{"id":58309,"date":"2018-09-16T12:17:30","date_gmt":"2018-09-16T15:17:30","guid":{"rendered":"http:\/\/portalcatolico.net\/portal\/?p=58309"},"modified":"2018-09-16T12:19:13","modified_gmt":"2018-09-16T15:19:13","slug":"angelus-para-seguir-cristo-e-preciso-renunciar-ao-orgulho-egoista","status":"publish","type":"post","link":"http:\/\/portalcatolico.net\/portal\/angelus-para-seguir-cristo-e-preciso-renunciar-ao-orgulho-egoista\/","title":{"rendered":"Para seguir Cristo \u00e9 preciso renunciar ao orgulho ego\u00edsta"},"content":{"rendered":"<div class=\"article__subTitle\">Quem \u00e9 Jesus? : a alocu\u00e7\u00e3o do Papa deste domingo reprop\u00f5e a pergunta presente em todo o Evangelho de S\u00e3o Marcos.<\/div>\n<div class=\"title__separator\">&nbsp;<\/div>\n<div class=\"article__text\">\n<p>Para seguir Jesus, \u00e9 preciso renunciar \u00e0s pretens\u00f5es do pr\u00f3prio orgulho ego\u00edstico e tomar a pr\u00f3pria cruz: foi o que disse o Papa Francisco no Angelus deste domingo (16\/09).<\/p>\n<p>Diante de uma multid\u00e3o na Pra\u00e7a S. Pedro, o Pont\u00edfice inspirou sua reflex\u00e3o no trecho evang\u00e9lico de S\u00e3o Marcos, em que Jesus pergunta aos disc\u00edpulos sobre sua identidade.<\/p>\n<p>F\u00e9 m\u00edopeAntes de interpelar diretamente os Doze, explicou o Papa, Jesus quer ouvir deles o que as pessoas pensam Dele. Por isso pergunta: \u201cQuem dizem os homens que eu sou?\u201d. Emerge que Jesus \u00e9 considerado pelo povo um grande profeta. Mas, na realidade, Ele n\u00e3o se interessa pela fala\u00e7\u00e3o das pessoas.<\/p>\n<p>Ele n\u00e3o aceita nem mesmo que os seus disc\u00edpulos respondam \u00e0s suas perguntas com f\u00f3rmulas pr\u00e9-concebidas, \u201cporque uma f\u00e9 que se reduz a f\u00f3rmulas \u00e9 uma f\u00e9 m\u00edope\u201d.<\/p>\n<p>Quem sou eu para voc\u00ea?\u201cO Senhor quer que os seus disc\u00edpulos de ontem e de hoje instaurem com Ele uma rela\u00e7\u00e3o pessoal\u201d, afirmou Francisco, que acrescentou:<\/p>\n<p>\u201cHoje, Jesus dirige esta pergunta t\u00e3o direta e confidencial a cada um de n\u00f3s: \u2018Quem sou eu para voc\u00ea?\u2019. Cada um de n\u00f3s \u00e9 chamado a responder, no pr\u00f3prio cora\u00e7\u00e3o, deixando-se iluminar pela luz que o Pai nos d\u00e1 para conhecer o seu Filho Jesus.\u201d<\/p>\n<div>\n<aside class=\"article__readmore\">\n<div class=\"teaser--labelEvidence teaser\">\n<article>\n<div class=\"teaser__labelWrapper\">&nbsp;<\/div>\n<div class=\"teaser__contentWrapper\">\n<div>Por\u00e9m, prosseguiu, Jesus adverte que a sua miss\u00e3o se realiza n\u00e3o na estrada ampla do sucesso, mas no caminho \u00e1rduo do Servo sofredor. Por isso, pode acontecer de protestar e nos rebelar, porque isso contrasta com as nossas expectativas mundanas.<\/div>\n<div>A profiss\u00e3o de f\u00e9 em Jesus Cristo n\u00e3o pode parar nas palavras, mas pede que seja autenticada por escolhas e gestos concretos.<\/div>\n<div>&nbsp;<\/div>\n<\/div>\n<\/article>\n<\/div>\n<\/aside>\n<\/div>\n<div>\n<div class=\"article__embed article__embed--border embed_style\">\n<blockquote><p>\u201c Jesus nos diz que para segui-Lo, para ser seus disc\u00edpulos, \u00e9 preciso renunciar a si mesmo, isto \u00e9, \u00e0s pretens\u00f5es do pr\u00f3prio orgulho ego\u00edstico e tomar a pr\u00f3pria cruz. \u201d<\/p><\/blockquote>\n<\/div>\n<\/div>\n<p>O amor muda tudoCom frequ\u00eancia na vida, por tantos motivos, erramos o caminho, buscando a felicidade nas coisas ou nas pessoas que tratamos como coisas. Mas a felicidade a encontramos somente quando o amor, aquele verdadeiro, nos encontra, nos surpreende, nos transforma. &#8220;O amor muda tudo e pode mudar inclusive a n\u00f3s!&#8221;, disse Francisco.<\/p>\n<p><strong>O Papa ent\u00e3o concluiu:<\/strong><\/p>\n<p>\u201cQue a Virgem Maria, que viveu a sua f\u00e9 seguindo fielmente o seu Filho Jesus, ajude tamb\u00e9m n\u00f3s a caminhar na sua estrada, vivendo generosamente a nossa vida por Ele e pelos irm\u00e3os.\u201d(Vatican News)<\/p>\n<div>\n<div class=\"article__embed article__embed--unwrap article__embed--dark\">\n<div class=\"article__innerTitle\">&nbsp;<\/div>\n<\/div>\n<\/div>\n<\/div>\n","protected":false},"excerpt":{"rendered":"<p>Quem \u00e9 Jesus? : a alocu\u00e7\u00e3o do Papa deste domingo reprop\u00f5e a pergunta presente em todo o Evangelho de S\u00e3o Marcos. &nbsp; Para seguir Jesus, \u00e9 preciso renunciar \u00e0s pretens\u00f5es do pr\u00f3prio orgulho ego\u00edstico e tomar a pr\u00f3pria cruz: foi o que disse o Papa Francisco no Angelus deste domingo (16\/09). Diante de uma multid\u00e3o&nbsp;<\/p>\n<p><a class=\"btn btn-style\" href=\"http:\/\/portalcatolico.net\/portal\/angelus-para-seguir-cristo-e-preciso-renunciar-ao-orgulho-egoista\/\">Continue Reading<\/a><\/p>\n","protected":false},"author":2,"featured_media":58310,"comment_status":"open","ping_status":"open","sticky":false,"template":"","format":"standard","meta":{"footnotes":""},"categories":[5],"tags":[],"class_list":["post-58309","post","type-post","status-publish","format-standard","has-post-thumbnail","hentry","category-igreja_no_mundo"],"_links":{"self":[{"href":"http:\/\/portalcatolico.net\/portal\/wp-json\/wp\/v2\/posts\/58309","targetHints":{"allow":["GET"]}}],"collection":[{"href":"http:\/\/portalcatolico.net\/portal\/wp-json\/wp\/v2\/posts"}],"about":[{"href":"http:\/\/portalcatolico.net\/portal\/wp-json\/wp\/v2\/types\/post"}],"author":[{"embeddable":true,"href":"http:\/\/portalcatolico.net\/portal\/wp-json\/wp\/v2\/users\/2"}],"replies":[{"embeddable":true,"href":"http:\/\/portalcatolico.net\/portal\/wp-json\/wp\/v2\/comments?post=58309"}],"version-history":[{"count":2,"href":"http:\/\/portalcatolico.net\/portal\/wp-json\/wp\/v2\/posts\/58309\/revisions"}],"predecessor-version":[{"id":58312,"href":"http:\/\/portalcatolico.net\/portal\/wp-json\/wp\/v2\/posts\/58309\/revisions\/58312"}],"wp:featuredmedia":[{"embeddable":true,"href":"http:\/\/portalcatolico.net\/portal\/wp-json\/wp\/v2\/media\/58310"}],"wp:attachment":[{"href":"http:\/\/portalcatolico.net\/portal\/wp-json\/wp\/v2\/media?parent=58309"}],"wp:term":[{"taxonomy":"category","embeddable":true,"href":"http:\/\/portalcatolico.net\/portal\/wp-json\/wp\/v2\/categories?post=58309"},{"taxonomy":"post_tag","embeddable":true,"href":"http:\/\/portalcatolico.net\/portal\/wp-json\/wp\/v2\/tags?post=58309"}],"curies":[{"name":"wp","href":"https:\/\/api.w.org\/{rel}","templated":true}]}}