{"id":58296,"date":"2018-09-15T13:27:45","date_gmt":"2018-09-15T16:27:45","guid":{"rendered":"http:\/\/portalcatolico.net\/portal\/?p=58296"},"modified":"2018-09-15T14:18:58","modified_gmt":"2018-09-15T17:18:58","slug":"padre-jose-augusto-toma-posse-na-paroquia-santa-terezinha-em-potiragua","status":"publish","type":"post","link":"http:\/\/portalcatolico.net\/portal\/padre-jose-augusto-toma-posse-na-paroquia-santa-terezinha-em-potiragua\/","title":{"rendered":"Padre Jos\u00e9 Augusto toma posse na par\u00f3quia Santa Terezinha em Potiragu\u00e1"},"content":{"rendered":"<p style=\"font-weight: 400;\"><img loading=\"lazy\" decoding=\"async\" class=\"wp-image-58300 aligncenter\" src=\"http:\/\/portalcatolico.net\/portal\/wp-content\/uploads\/2018\/09\/IMG_0090-300x200.jpg\" alt=\"\" width=\"821\" height=\"547\" srcset=\"http:\/\/portalcatolico.net\/portal\/wp-content\/uploads\/2018\/09\/IMG_0090-300x200.jpg 300w, http:\/\/portalcatolico.net\/portal\/wp-content\/uploads\/2018\/09\/IMG_0090-768x512.jpg 768w, http:\/\/portalcatolico.net\/portal\/wp-content\/uploads\/2018\/09\/IMG_0090.jpg 1000w\" sizes=\"auto, (max-width: 821px) 100vw, 821px\" \/>O Bispo Diocesano da Diocese de&nbsp;Itabuna, no sul da Bahia, Dom Carlos Alberto dos Santos, deu posse ao&nbsp;Padre Jos\u00e9 Augusto Ferreira&nbsp; Silva como administrador paroquial da&nbsp;Par\u00f3quia de Santa Terezinha, na cidade de Potiragu\u00e1 (BA), nesta sexta-feira (14), \u00e0s 19h.<\/p>\n<p style=\"font-weight: 400;\">A celebra\u00e7\u00e3o contou com a presen\u00e7a de alguns&nbsp;sacerdotes diocesanos, di\u00e1conos, seminaristas, al\u00e9m do padre Marcio da&nbsp;Diocese de Barra (BA), fieis das comunidades e in\u00fameros paroquianos da igreja matriz e de&nbsp;outras cidades circunvizinhas.<\/p>\n<p style=\"font-weight: 400;\">Conforme o ritual de posse, foi lido pelo padre&nbsp;Jos\u00e9 Nunes&nbsp; o teor da provis\u00e3o. Dentre os momentos mais&nbsp;marcantes, destacaram-se a entrega do Evangeli\u00e1rio pelo Bispo Dom Carlos&nbsp;Alberto&nbsp; ao Padre Jos\u00e9 Augusto, para que este proclamasse o Evangelho do&nbsp;dia. Seguindo-se a profiss\u00e3o de f\u00e9 e o juramento de fidelidade.<img loading=\"lazy\" decoding=\"async\" class=\"wp-image-58301 aligncenter\" src=\"http:\/\/portalcatolico.net\/portal\/wp-content\/uploads\/2018\/09\/IMG_0175-300x200.jpg\" alt=\"\" width=\"822\" height=\"548\" srcset=\"http:\/\/portalcatolico.net\/portal\/wp-content\/uploads\/2018\/09\/IMG_0175-300x200.jpg 300w, http:\/\/portalcatolico.net\/portal\/wp-content\/uploads\/2018\/09\/IMG_0175-768x512.jpg 768w, http:\/\/portalcatolico.net\/portal\/wp-content\/uploads\/2018\/09\/IMG_0175.jpg 1000w\" sizes=\"auto, (max-width: 822px) 100vw, 822px\" \/><\/p>\n<p style=\"font-weight: 400;\">Na&nbsp;celebra\u00e7\u00e3o, Dom Carlos Alberto entregou tamb\u00e9m ao novo administrador&nbsp;paroquial,&nbsp;os sinais que fazem parte do minist\u00e9rio: a B\u00edblia Sagrada, as&nbsp;chaves da Igreja e a chave do Sacr\u00e1rio. &#8220;A vida espiritual \u00e9 alimentada&nbsp;pela Eucaristia. Ela \u00e9 o \u00e1pice da vida crist\u00e3, em que se realiza a&nbsp;unidade do povo de Deus e se completa a constru\u00e7\u00e3o do Corpo de Cristo.&nbsp;Cabe ao padre zelar para que a Eucaristia seja o centro de toda a vida&nbsp;da par\u00f3quia&#8221;, explicou o bispo ao novo administrador paroquial.&nbsp;&nbsp;<\/p>\n<p style=\"font-weight: 400;\">Padre Jos\u00e9 Augusto recebeu&nbsp;as chaves do Sacr\u00e1rio, abriu o Sacr\u00e1rio, e fez uma breve adora\u00e7\u00e3o&nbsp;juntamente com o bispo e alguns padres.<\/p>\n<p style=\"font-weight: 400;\">Em seu discurso, Padre Augusto aproveitou o momento para dar um recado aos fieis: &#8220;N\u00f3s formamos uma fam\u00edlia. Eu espero que voc\u00eas estejam sempre de bra\u00e7os abertos. Sempre estaremos juntos nessa caminhada. N\u00e3o sou de determinar, sou de ouvir, mas no final, nunca tomarei uma decis\u00e3o sozinho, sem antes ouvir a comunidade. &#8220;<\/p>\n<p style=\"font-weight: 400;\">Ao final da celebra\u00e7\u00e3o, Dom&nbsp;&nbsp;Carlos agradeceu ao padre Simeon pelos nove anos de miss\u00e3o e evangeliza\u00e7\u00e3o&nbsp;nas duas comunidades que pertencem \u00e0 igreja matriz de Santa Terezinha.<\/p>\n<p>Edi\u00e7\u00e3o de texto: Anara Passos<\/p>\n<p style=\"font-weight: 400;\">Fotos e reportagem: Valdeni Elias<\/p>\n<p>\u00c1lbuns de fotos.<a href=\"https:\/\/www.facebook.com\/portalcatolicooficial\/\"><span style=\"color: #ff0000;\"><strong>Clique aqui e confira<\/strong><\/span><\/a>.<\/p>\n<p><img loading=\"lazy\" decoding=\"async\" class=\"alignnone wp-image-58302\" src=\"http:\/\/portalcatolico.net\/portal\/wp-content\/uploads\/2018\/09\/IMG_0046-300x200.jpg\" alt=\"\" width=\"350\" height=\"233\" srcset=\"http:\/\/portalcatolico.net\/portal\/wp-content\/uploads\/2018\/09\/IMG_0046-300x200.jpg 300w, http:\/\/portalcatolico.net\/portal\/wp-content\/uploads\/2018\/09\/IMG_0046-768x512.jpg 768w, http:\/\/portalcatolico.net\/portal\/wp-content\/uploads\/2018\/09\/IMG_0046.jpg 1000w\" sizes=\"auto, (max-width: 350px) 100vw, 350px\" \/> <img loading=\"lazy\" decoding=\"async\" class=\"alignnone wp-image-58303\" src=\"http:\/\/portalcatolico.net\/portal\/wp-content\/uploads\/2018\/09\/IMG_0149-300x200.jpg\" alt=\"\" width=\"352\" height=\"234\" srcset=\"http:\/\/portalcatolico.net\/portal\/wp-content\/uploads\/2018\/09\/IMG_0149-300x200.jpg 300w, http:\/\/portalcatolico.net\/portal\/wp-content\/uploads\/2018\/09\/IMG_0149-768x512.jpg 768w, http:\/\/portalcatolico.net\/portal\/wp-content\/uploads\/2018\/09\/IMG_0149.jpg 1000w\" sizes=\"auto, (max-width: 352px) 100vw, 352px\" \/> <img loading=\"lazy\" decoding=\"async\" class=\"alignnone wp-image-58304\" src=\"http:\/\/portalcatolico.net\/portal\/wp-content\/uploads\/2018\/09\/IMG_0066-300x200.jpg\" alt=\"\" width=\"350\" height=\"233\" srcset=\"http:\/\/portalcatolico.net\/portal\/wp-content\/uploads\/2018\/09\/IMG_0066-300x200.jpg 300w, http:\/\/portalcatolico.net\/portal\/wp-content\/uploads\/2018\/09\/IMG_0066-768x512.jpg 768w, http:\/\/portalcatolico.net\/portal\/wp-content\/uploads\/2018\/09\/IMG_0066.jpg 1000w\" sizes=\"auto, (max-width: 350px) 100vw, 350px\" \/> <img loading=\"lazy\" decoding=\"async\" class=\"alignnone wp-image-58305\" src=\"http:\/\/portalcatolico.net\/portal\/wp-content\/uploads\/2018\/09\/IMG_0166-300x200.jpg\" alt=\"\" width=\"353\" height=\"235\" srcset=\"http:\/\/portalcatolico.net\/portal\/wp-content\/uploads\/2018\/09\/IMG_0166-300x200.jpg 300w, http:\/\/portalcatolico.net\/portal\/wp-content\/uploads\/2018\/09\/IMG_0166-768x512.jpg 768w, http:\/\/portalcatolico.net\/portal\/wp-content\/uploads\/2018\/09\/IMG_0166.jpg 1000w\" sizes=\"auto, (max-width: 353px) 100vw, 353px\" \/><\/p>\n","protected":false},"excerpt":{"rendered":"<p>O Bispo Diocesano da Diocese de&nbsp;Itabuna, no sul da Bahia, Dom Carlos Alberto dos Santos, deu posse ao&nbsp;Padre Jos\u00e9 Augusto Ferreira&nbsp; Silva como administrador paroquial da&nbsp;Par\u00f3quia de Santa Terezinha, na cidade de Potiragu\u00e1 (BA), nesta sexta-feira (14), \u00e0s 19h. A celebra\u00e7\u00e3o contou com a presen\u00e7a de alguns&nbsp;sacerdotes diocesanos, di\u00e1conos, seminaristas, al\u00e9m do padre Marcio da&nbsp;Diocese&nbsp;<\/p>\n<p><a class=\"btn btn-style\" href=\"http:\/\/portalcatolico.net\/portal\/padre-jose-augusto-toma-posse-na-paroquia-santa-terezinha-em-potiragua\/\">Continue Reading<\/a><\/p>\n","protected":false},"author":2,"featured_media":58297,"comment_status":"open","ping_status":"open","sticky":false,"template":"","format":"standard","meta":{"footnotes":""},"categories":[68],"tags":[],"class_list":["post-58296","post","type-post","status-publish","format-standard","has-post-thumbnail","hentry","category-homilias"],"_links":{"self":[{"href":"http:\/\/portalcatolico.net\/portal\/wp-json\/wp\/v2\/posts\/58296","targetHints":{"allow":["GET"]}}],"collection":[{"href":"http:\/\/portalcatolico.net\/portal\/wp-json\/wp\/v2\/posts"}],"about":[{"href":"http:\/\/portalcatolico.net\/portal\/wp-json\/wp\/v2\/types\/post"}],"author":[{"embeddable":true,"href":"http:\/\/portalcatolico.net\/portal\/wp-json\/wp\/v2\/users\/2"}],"replies":[{"embeddable":true,"href":"http:\/\/portalcatolico.net\/portal\/wp-json\/wp\/v2\/comments?post=58296"}],"version-history":[{"count":4,"href":"http:\/\/portalcatolico.net\/portal\/wp-json\/wp\/v2\/posts\/58296\/revisions"}],"predecessor-version":[{"id":58307,"href":"http:\/\/portalcatolico.net\/portal\/wp-json\/wp\/v2\/posts\/58296\/revisions\/58307"}],"wp:featuredmedia":[{"embeddable":true,"href":"http:\/\/portalcatolico.net\/portal\/wp-json\/wp\/v2\/media\/58297"}],"wp:attachment":[{"href":"http:\/\/portalcatolico.net\/portal\/wp-json\/wp\/v2\/media?parent=58296"}],"wp:term":[{"taxonomy":"category","embeddable":true,"href":"http:\/\/portalcatolico.net\/portal\/wp-json\/wp\/v2\/categories?post=58296"},{"taxonomy":"post_tag","embeddable":true,"href":"http:\/\/portalcatolico.net\/portal\/wp-json\/wp\/v2\/tags?post=58296"}],"curies":[{"name":"wp","href":"https:\/\/api.w.org\/{rel}","templated":true}]}}