{"id":58285,"date":"2018-09-14T06:05:08","date_gmt":"2018-09-14T09:05:08","guid":{"rendered":"http:\/\/portalcatolico.net\/portal\/?p=58285"},"modified":"2018-09-14T06:09:11","modified_gmt":"2018-09-14T09:09:11","slug":"continua-o-setenario-em-honra-a-nossa-senhora-da-soledade-na-lapa","status":"publish","type":"post","link":"http:\/\/portalcatolico.net\/portal\/continua-o-setenario-em-honra-a-nossa-senhora-da-soledade-na-lapa\/","title":{"rendered":"Continua  o Seten\u00e1rio em honra \u00e0 Nossa Senhora da Soledade na Lapa"},"content":{"rendered":"<p style=\"font-weight: 400;\"><img loading=\"lazy\" decoding=\"async\" class=\"size-medium wp-image-58288 alignleft\" src=\"http:\/\/portalcatolico.net\/portal\/wp-content\/uploads\/2018\/09\/41774591_1915383655208968_689021867922554880_n-300x221.jpg\" alt=\"\" width=\"300\" height=\"221\" srcset=\"http:\/\/portalcatolico.net\/portal\/wp-content\/uploads\/2018\/09\/41774591_1915383655208968_689021867922554880_n-300x221.jpg 300w, http:\/\/portalcatolico.net\/portal\/wp-content\/uploads\/2018\/09\/41774591_1915383655208968_689021867922554880_n-768x566.jpg 768w, http:\/\/portalcatolico.net\/portal\/wp-content\/uploads\/2018\/09\/41774591_1915383655208968_689021867922554880_n.jpg 960w\" sizes=\"auto, (max-width: 300px) 100vw, 300px\" \/>A Romaria de Nossa Senhora da Soledade est\u00e1 entre as tr\u00eas que mais&nbsp; re\u00fanem pessoas, que participam para agradecer por gra\u00e7as alcan\u00e7adas ou&nbsp;para pedir b\u00ean\u00e7\u00e3os e gra\u00e7as, pela intercess\u00e3o dos santos cat\u00f3licos.<\/p>\n<p style=\"font-weight: 400;\">O&nbsp;subtema da&nbsp; sexta noite desta quinta-feira, 13 de setembro, foi: &#8220;Maria,&nbsp;M\u00e3e da Soledade, modelo de excelente&nbsp; na f\u00e9 e na caridade&#8221;. A celebra\u00e7\u00e3o teve in\u00edcio \u00e0s 19h, na cidade e diocese de Bom Jesus da Lapa, no oeste da&nbsp;Bahia.<\/p>\n<p style=\"font-weight: 400;\">O seten\u00e1rio est\u00e1 sendo realizado na esplanada do&nbsp; Santu\u00e1rio de&nbsp;Bom Jesus da Lapa e da M\u00e3e da Soledade que est\u00e1 completando 327 anos de&nbsp;&nbsp;evangeliza\u00e7\u00e3o e romaria na capital baiana da f\u00e9.<\/p>\n<p style=\"font-weight: 400;\">O tema central da&nbsp;festa \u00e9: &#8220;Como disc\u00edpulos de Bom Jesus, crist\u00e3os leigos e leigas&nbsp;&nbsp;mission\u00e1rios comprometidos com a Igreja em Sa\u00edda&#8221; O Pregador da sexta noite foi o Mission\u00e1rio Redentorista&nbsp; Pe. Gildevan&nbsp;Rocha Pinto, CSsR.&nbsp; A celebra\u00e7\u00e3o&nbsp; foi presidida pelo bispo diocesano Dom Jo\u00e3o Santos&nbsp;<br \/>\nCardoso, da Diocese de Bom Jesus da Lapa, e concelebrada por padres&nbsp; mission\u00e1rios redentoristas, padres diocesanos, al\u00e9m dos seminaristas.&nbsp;&nbsp;Participaram religiosas, religiosos, paroquianos, fieis e devotos da&nbsp;santa de todo o Brasil.<\/p>\n<p style=\"font-weight: 400;\">O Pe. Gildevan Rocha Pinto, CSsR , Mission\u00e1rio&nbsp;Redentorista da Arquidiocese de Salvador, foi quem <img loading=\"lazy\" decoding=\"async\" class=\"size-medium wp-image-58290 alignright\" src=\"http:\/\/portalcatolico.net\/portal\/wp-content\/uploads\/2018\/09\/41642412_1915386591875341_8536984800655835136_n-300x168.jpg\" alt=\"\" width=\"300\" height=\"168\" srcset=\"http:\/\/portalcatolico.net\/portal\/wp-content\/uploads\/2018\/09\/41642412_1915386591875341_8536984800655835136_n-300x168.jpg 300w, http:\/\/portalcatolico.net\/portal\/wp-content\/uploads\/2018\/09\/41642412_1915386591875341_8536984800655835136_n-768x430.jpg 768w, http:\/\/portalcatolico.net\/portal\/wp-content\/uploads\/2018\/09\/41642412_1915386591875341_8536984800655835136_n.jpg 960w\" sizes=\"auto, (max-width: 300px) 100vw, 300px\" \/>refletiu o subtema. Na oportunidade, ele disse: &#8220;N\u00e3o queremos apenas nos concentrar na dor, na tristeza, na desola\u00e7\u00e3o, que certamente inundou a alma de Maria. Podemos ir mais longe, contemplando Maria com Jesus e Jesus com Maria. Maria era atitude de amor, de miseric\u00f3rdia, de compaix\u00e3o.&nbsp; Contemplemos em Maria, m\u00e3e da piedade, a f\u00e9 perseverante, a esperan\u00e7a e a caridade&#8221;.<\/p>\n<p style=\"font-weight: 400;\">O Seten\u00e1rio e festa de Nossa Senhora da Soledade teve inicio no dia 08 e&nbsp;segue at\u00e9 o dia 14 de setembro, quando acontece a adora\u00e7\u00e3o \u00e0&nbsp; santa cruz e a renova\u00e7\u00e3o da f\u00e9, \u00e0s 20h30.<\/p>\n<p style=\"font-weight: 400;\">&nbsp;No dia 15 de setembro, \u00e0s 07h, acontecer\u00e1 a missa festiva da M\u00e3e da Soledade e \u00e0s 18h, o encerramento da festa da M\u00e3e da Soledade.<\/p>\n<p>Fotos: Uelder Negr\u00e3o\/Santu\u00e1rio de Bom Jesus da Lapa (BA)<br \/>\nTexto: Reda\u00e7\u00e3o\/Portal Cat\u00f3lico.Net<\/p>\n<p><img loading=\"lazy\" decoding=\"async\" class=\"wp-image-58291 aligncenter\" src=\"http:\/\/portalcatolico.net\/portal\/wp-content\/uploads\/2018\/09\/41758861_1915384428542224_1787394629285445632_n-300x168.jpg\" alt=\"\" width=\"736\" height=\"412\" srcset=\"http:\/\/portalcatolico.net\/portal\/wp-content\/uploads\/2018\/09\/41758861_1915384428542224_1787394629285445632_n-300x168.jpg 300w, http:\/\/portalcatolico.net\/portal\/wp-content\/uploads\/2018\/09\/41758861_1915384428542224_1787394629285445632_n-768x430.jpg 768w, http:\/\/portalcatolico.net\/portal\/wp-content\/uploads\/2018\/09\/41758861_1915384428542224_1787394629285445632_n.jpg 960w\" sizes=\"auto, (max-width: 736px) 100vw, 736px\" \/> <img loading=\"lazy\" decoding=\"async\" class=\"wp-image-58292 aligncenter\" src=\"http:\/\/portalcatolico.net\/portal\/wp-content\/uploads\/2018\/09\/41766686_1915383891875611_5212256311948869632_n-300x168.jpg\" alt=\"\" width=\"739\" height=\"414\" srcset=\"http:\/\/portalcatolico.net\/portal\/wp-content\/uploads\/2018\/09\/41766686_1915383891875611_5212256311948869632_n-300x168.jpg 300w, http:\/\/portalcatolico.net\/portal\/wp-content\/uploads\/2018\/09\/41766686_1915383891875611_5212256311948869632_n-768x430.jpg 768w, http:\/\/portalcatolico.net\/portal\/wp-content\/uploads\/2018\/09\/41766686_1915383891875611_5212256311948869632_n.jpg 960w\" sizes=\"auto, (max-width: 739px) 100vw, 739px\" \/> <img loading=\"lazy\" decoding=\"async\" class=\"wp-image-58293 aligncenter\" src=\"http:\/\/portalcatolico.net\/portal\/wp-content\/uploads\/2018\/09\/41801928_1915385705208763_85539663883796480_n-300x203.jpg\" alt=\"\" width=\"740\" height=\"501\" srcset=\"http:\/\/portalcatolico.net\/portal\/wp-content\/uploads\/2018\/09\/41801928_1915385705208763_85539663883796480_n-300x203.jpg 300w, http:\/\/portalcatolico.net\/portal\/wp-content\/uploads\/2018\/09\/41801928_1915385705208763_85539663883796480_n-768x520.jpg 768w, http:\/\/portalcatolico.net\/portal\/wp-content\/uploads\/2018\/09\/41801928_1915385705208763_85539663883796480_n.jpg 960w\" sizes=\"auto, (max-width: 740px) 100vw, 740px\" \/> <img loading=\"lazy\" decoding=\"async\" class=\"wp-image-58294 aligncenter\" src=\"http:\/\/portalcatolico.net\/portal\/wp-content\/uploads\/2018\/09\/41874554_1915384218542245_3547842131244613632_n-300x175.jpg\" alt=\"\" width=\"739\" height=\"431\" srcset=\"http:\/\/portalcatolico.net\/portal\/wp-content\/uploads\/2018\/09\/41874554_1915384218542245_3547842131244613632_n-300x175.jpg 300w, http:\/\/portalcatolico.net\/portal\/wp-content\/uploads\/2018\/09\/41874554_1915384218542245_3547842131244613632_n-768x449.jpg 768w, http:\/\/portalcatolico.net\/portal\/wp-content\/uploads\/2018\/09\/41874554_1915384218542245_3547842131244613632_n.jpg 960w\" sizes=\"auto, (max-width: 739px) 100vw, 739px\" \/><\/p>\n","protected":false},"excerpt":{"rendered":"<p>A Romaria de Nossa Senhora da Soledade est\u00e1 entre as tr\u00eas que mais&nbsp; re\u00fanem pessoas, que participam para agradecer por gra\u00e7as alcan\u00e7adas ou&nbsp;para pedir b\u00ean\u00e7\u00e3os e gra\u00e7as, pela intercess\u00e3o dos santos cat\u00f3licos. O&nbsp;subtema da&nbsp; sexta noite desta quinta-feira, 13 de setembro, foi: &#8220;Maria,&nbsp;M\u00e3e da Soledade, modelo de excelente&nbsp; na f\u00e9 e na caridade&#8221;. A celebra\u00e7\u00e3o&nbsp;<\/p>\n<p><a class=\"btn btn-style\" href=\"http:\/\/portalcatolico.net\/portal\/continua-o-setenario-em-honra-a-nossa-senhora-da-soledade-na-lapa\/\">Continue Reading<\/a><\/p>\n","protected":false},"author":2,"featured_media":58286,"comment_status":"open","ping_status":"open","sticky":false,"template":"","format":"standard","meta":{"footnotes":""},"categories":[68],"tags":[],"class_list":["post-58285","post","type-post","status-publish","format-standard","has-post-thumbnail","hentry","category-homilias"],"_links":{"self":[{"href":"http:\/\/portalcatolico.net\/portal\/wp-json\/wp\/v2\/posts\/58285","targetHints":{"allow":["GET"]}}],"collection":[{"href":"http:\/\/portalcatolico.net\/portal\/wp-json\/wp\/v2\/posts"}],"about":[{"href":"http:\/\/portalcatolico.net\/portal\/wp-json\/wp\/v2\/types\/post"}],"author":[{"embeddable":true,"href":"http:\/\/portalcatolico.net\/portal\/wp-json\/wp\/v2\/users\/2"}],"replies":[{"embeddable":true,"href":"http:\/\/portalcatolico.net\/portal\/wp-json\/wp\/v2\/comments?post=58285"}],"version-history":[{"count":3,"href":"http:\/\/portalcatolico.net\/portal\/wp-json\/wp\/v2\/posts\/58285\/revisions"}],"predecessor-version":[{"id":58295,"href":"http:\/\/portalcatolico.net\/portal\/wp-json\/wp\/v2\/posts\/58285\/revisions\/58295"}],"wp:featuredmedia":[{"embeddable":true,"href":"http:\/\/portalcatolico.net\/portal\/wp-json\/wp\/v2\/media\/58286"}],"wp:attachment":[{"href":"http:\/\/portalcatolico.net\/portal\/wp-json\/wp\/v2\/media?parent=58285"}],"wp:term":[{"taxonomy":"category","embeddable":true,"href":"http:\/\/portalcatolico.net\/portal\/wp-json\/wp\/v2\/categories?post=58285"},{"taxonomy":"post_tag","embeddable":true,"href":"http:\/\/portalcatolico.net\/portal\/wp-json\/wp\/v2\/tags?post=58285"}],"curies":[{"name":"wp","href":"https:\/\/api.w.org\/{rel}","templated":true}]}}