{"id":58282,"date":"2018-09-13T22:01:56","date_gmt":"2018-09-14T01:01:56","guid":{"rendered":"http:\/\/portalcatolico.net\/portal\/?p=58282"},"modified":"2018-09-13T22:01:56","modified_gmt":"2018-09-14T01:01:56","slug":"bispos-da-bolivia-expressam-sua-obediencia-e-apoio-ao-papa-francisco","status":"publish","type":"post","link":"http:\/\/portalcatolico.net\/portal\/bispos-da-bolivia-expressam-sua-obediencia-e-apoio-ao-papa-francisco\/","title":{"rendered":"Bispos da Bol\u00edvia expressam sua obedi\u00eancia e apoio ao Papa Francisco"},"content":{"rendered":"<p>Os&nbsp;Bispos&nbsp;da Bol\u00edvia expressaram sua &#8220;solidariedade, apoio e ades\u00e3o filial&#8221; ao Papa Francisco \u201cneste momento de tribula\u00e7\u00e3o pelos sinais de falta de obedi\u00eancia de alguns filhos da&nbsp;Igreja&nbsp;a Sua Santidade\u201d.<\/p>\n<p>&#8220;Neste momento, como Pastores da Igreja na Bol\u00edvia, queremos expressar nossa obedi\u00eancia, solidariedade e apoio aos Bispos da Igreja na Am\u00e9rica Latina, \u00e0 qual voc\u00ea pertence&#8221;, manifestaram os bispos.<\/p>\n<p>Na carta enviada no \u00faltimo dia 30 de agosto e divulgada em 11 de setembro, os bispos tamb\u00e9m agradeceram &#8220;o seu minist\u00e9rio pastoral e seus s\u00e1bios ensinamentos e nos aderimos a eles com admira\u00e7\u00e3o e respeito&#8221;.<\/p>\n<p>Em 25 de agosto, Dom Carlo Maria Vigan\u00f2, ex-n\u00fancio nos Estados Unidos, publicou uma carta de 11 p\u00e1ginas assegurando que diversos sacerdotes, bispos,&nbsp;cardeais&nbsp;e inclusive o Papa Francisco sabiam dos abusos do ex-cardeal Theodore McCarrick e agiram com neglig\u00eancia ou o encobriram.<\/p>\n<p>No caso do Papa Francisco, Dom Vigan\u00f2 disse que no come\u00e7o do seu pontificado, em 2013, o Pont\u00edfice teria retirado as san\u00e7\u00f5es supostamente impostas a McCarrick pelo seu predecessor, o atual Papa Em\u00e9rito&nbsp;Bento XVI.<\/p>\n<p>Seguindo as ordens do Papa Francisco, em junho deste ano, o Secret\u00e1rio de Estado do Vaticano, Cardeal Pietro Parolin, seguindo ordens do Papa Francisco, proibiu a McCarrick de exercer o minist\u00e9rio p\u00fablico, depois que uma investiga\u00e7\u00e3o realizada pela Arquidiocese de Nova York descobriu que uma acusa\u00e7\u00e3o de abuso sexual a um menor era &#8220;cr\u00edvel e comprovada&#8221;.(ACI Digital)<\/p>\n<p>Encontro dos Bispos bolivianos com o Papa Francisco em 2015 \/ Foto: Confer\u00eancia Episcopal Bolivian<\/p>\n","protected":false},"excerpt":{"rendered":"<p>Os&nbsp;Bispos&nbsp;da Bol\u00edvia expressaram sua &#8220;solidariedade, apoio e ades\u00e3o filial&#8221; ao Papa Francisco \u201cneste momento de tribula\u00e7\u00e3o pelos sinais de falta de obedi\u00eancia de alguns filhos da&nbsp;Igreja&nbsp;a Sua Santidade\u201d. &#8220;Neste momento, como Pastores da Igreja na Bol\u00edvia, queremos expressar nossa obedi\u00eancia, solidariedade e apoio aos Bispos da Igreja na Am\u00e9rica Latina, \u00e0 qual voc\u00ea pertence&#8221;, manifestaram&nbsp;<\/p>\n<p><a class=\"btn btn-style\" href=\"http:\/\/portalcatolico.net\/portal\/bispos-da-bolivia-expressam-sua-obediencia-e-apoio-ao-papa-francisco\/\">Continue Reading<\/a><\/p>\n","protected":false},"author":2,"featured_media":58283,"comment_status":"open","ping_status":"open","sticky":false,"template":"","format":"standard","meta":{"footnotes":""},"categories":[5],"tags":[],"class_list":["post-58282","post","type-post","status-publish","format-standard","has-post-thumbnail","hentry","category-igreja_no_mundo"],"_links":{"self":[{"href":"http:\/\/portalcatolico.net\/portal\/wp-json\/wp\/v2\/posts\/58282","targetHints":{"allow":["GET"]}}],"collection":[{"href":"http:\/\/portalcatolico.net\/portal\/wp-json\/wp\/v2\/posts"}],"about":[{"href":"http:\/\/portalcatolico.net\/portal\/wp-json\/wp\/v2\/types\/post"}],"author":[{"embeddable":true,"href":"http:\/\/portalcatolico.net\/portal\/wp-json\/wp\/v2\/users\/2"}],"replies":[{"embeddable":true,"href":"http:\/\/portalcatolico.net\/portal\/wp-json\/wp\/v2\/comments?post=58282"}],"version-history":[{"count":1,"href":"http:\/\/portalcatolico.net\/portal\/wp-json\/wp\/v2\/posts\/58282\/revisions"}],"predecessor-version":[{"id":58284,"href":"http:\/\/portalcatolico.net\/portal\/wp-json\/wp\/v2\/posts\/58282\/revisions\/58284"}],"wp:featuredmedia":[{"embeddable":true,"href":"http:\/\/portalcatolico.net\/portal\/wp-json\/wp\/v2\/media\/58283"}],"wp:attachment":[{"href":"http:\/\/portalcatolico.net\/portal\/wp-json\/wp\/v2\/media?parent=58282"}],"wp:term":[{"taxonomy":"category","embeddable":true,"href":"http:\/\/portalcatolico.net\/portal\/wp-json\/wp\/v2\/categories?post=58282"},{"taxonomy":"post_tag","embeddable":true,"href":"http:\/\/portalcatolico.net\/portal\/wp-json\/wp\/v2\/tags?post=58282"}],"curies":[{"name":"wp","href":"https:\/\/api.w.org\/{rel}","templated":true}]}}