{"id":58280,"date":"2018-09-13T21:55:08","date_gmt":"2018-09-14T00:55:08","guid":{"rendered":"http:\/\/portalcatolico.net\/portal\/?p=58280"},"modified":"2018-09-13T21:55:08","modified_gmt":"2018-09-14T00:55:08","slug":"a-vida-nao-e-amarela","status":"publish","type":"post","link":"http:\/\/portalcatolico.net\/portal\/a-vida-nao-e-amarela\/","title":{"rendered":"A vida n\u00e3o \u00e9 amarela"},"content":{"rendered":"<p>Setembro \u00e9 amarelo, j\u00e1 a vida n\u00e3o pode ser confundida com qualquer cor que remeta \u00e0 palidez. &nbsp;Ela tem a beleza das flores, a generosidade colorida que a natureza manifesta de maneira t\u00e3o pr\u00f3diga. A vida \u00e9 para ser primavera, esta\u00e7\u00e3o que come\u00e7a justamente agora, em setembro. O colorido alegre das flora\u00e7\u00f5es gera contraste com o \u201cm\u00eas amarelo\u201d, sinal de advert\u00eancia para grave situa\u00e7\u00e3o: o n\u00famero de pessoas que cometem suic\u00eddio nos dias atuais. Na campanha \u201cSetembro Amarelo\u201d, igrejas, pontos tur\u00edsticos, monumentos e fachadas de pr\u00e9dios hist\u00f3ricos recebem ilumina\u00e7\u00e3o em tom amarelado, tamb\u00e9m outdoors, cartazes e campanhas, com as mesmas cores, convocando a popula\u00e7\u00e3o para ajudar na preven\u00e7\u00e3o ao suic\u00eddio, compromisso cidad\u00e3o e humanit\u00e1rio.<\/p>\n<p>Popularmente \u00e9 dito que \u201camarelar\u201d representa omitir-se, embora seja not\u00e1vel a beleza da cor amarela na natureza, bandeiras e vestes. No contexto da Campanha realizada no m\u00eas de setembro, o alerta \u00e9 claro: a vida n\u00e3o pode amarelar, perder seu brilho, a sua chama. As pessoas n\u00e3o podem desistir de viver. Eis, pois, a urg\u00eancia de um mutir\u00e3o para preservar esse dom, e mudar a triste realidade revelada em estat\u00edsticas a respeito do suic\u00eddio no Brasil e no mundo.&nbsp; A uni\u00e3o em defesa da vida deve contar com o empenho de segmentos importantes na sociedade, que incluem as institui\u00e7\u00f5es p\u00fablicas e privadas, as escolas, as fam\u00edlias, os amigos, os colegas de trabalho.<\/p>\n<p>Pede-se ainda aos meios de comunica\u00e7\u00e3o que invistam, cada vez mais, no processo educativo capaz de quebrar um tabu \u2013 falar sobre o suic\u00eddio. Muitos ainda acreditam que dedicar-se ao tema motiva pessoas a colocarem fim \u00e0s pr\u00f3prias vidas. Falar sobre o suic\u00eddio, de modo apropriado, a partir do di\u00e1logo e do amor ao pr\u00f3ximo, permite agir decisivamente na preven\u00e7\u00e3o desse mal. Importante tamb\u00e9m distanciar-se das inverdades, sobre si, sobre o outro e a respeito da vida, para enfrentar, inventiva e afetivamente, os desgastes que a sociedade contempor\u00e2nea imp\u00f5e a todos, com seus ritmos, din\u00e2micas e falta de valores essenciais ao bem comum.<\/p>\n<p>O Setembro Amarelo \u00e9, pois, convoca\u00e7\u00e3o para um empenho educativo amplo e global, para que a vida se torne prioridade, reconhecendo-a como dom. Ora, \u00e9 alarmante a estat\u00edstica sobre o n\u00famero de suic\u00eddios no Brasil \u2013 a cada dia, 32 pessoas colocam fim \u00e0 pr\u00f3pria vida. E a Organiza\u00e7\u00e3o Mundial da Sa\u00fade informa: nove em cada dez suic\u00eddios poderiam ser evitados. Isso indica que todos precisam dedicar mais aten\u00e7\u00e3o \u00e0s pessoas pr\u00f3ximas, buscar perceber os sinais de que algo n\u00e3o vai bem na vida do outro. H\u00e1 muitas formas de evitar o suic\u00eddio &#8211; do tratamento medicamentoso, quando m\u00e9dicos detectam doen\u00e7as psiqui\u00e1tricas, \u00e0 qualifica\u00e7\u00e3o das rela\u00e7\u00f5es interpessoais. &nbsp;Importante \u00e9 reconhecer o lugar central dos v\u00ednculos entre pessoas, constitu\u00eddos no amor, na verdade, pela for\u00e7a da f\u00e9, que permite recuperar a percep\u00e7\u00e3o da beleza primaveril da vida. A proximidade e a aten\u00e7\u00e3o ao pr\u00f3ximo s\u00e3o for\u00e7as que mant\u00eam acesa a chama da vida, ou reacendem o pavio que ainda fumega, sem deixar o fogo se extinguir.<\/p>\n<p>Todos os cidad\u00e3os se dediquem a aprender modos de prevenir o suic\u00eddio, que vitima crian\u00e7as, adolescentes, jovens e adultos. Urgente tamb\u00e9m \u00e9 o investimento no cuidado com as emo\u00e7\u00f5es, pois doen\u00e7as mentais, que se instalam a partir de componentes biol\u00f3gicos e ambientais, est\u00e3o entre os principais fatores que levam uma pessoa a tentar p\u00f4r fim \u00e0 pr\u00f3pria vida.&nbsp; A ci\u00eancia mostra que o suic\u00eddio n\u00e3o \u00e9 ato prim\u00e1rio, mas a triste conclus\u00e3o de um processo, que se desenvolve em etapas. \u00c9 preciso vencer o despreparo institucional, empresarial, de igrejas, entidades educativas e das pessoas, de um modo geral, para que todos sejam capazes de identificar as etapas desse processo. Assim, mortes poder\u00e3o ser evitadas.<\/p>\n<p>Entre as provid\u00eancias urgentes para reverter o quadro alarmante de suic\u00eddios na sociedade brasileira, \u00e9 fundamental reconhecer a import\u00e2ncia da espiritualidade. N\u00e3o \u201cespiritualidades sect\u00e1rias\u201d, que configuram pequenos \u201cclubes de amigos\u201d, mas um modo de viver a f\u00e9 que permita ao indiv\u00edduo dar novo sentido \u00e0 pr\u00f3pria vida, a redescobrir o gosto de viver, mesmo diante dos sacrif\u00edcios cotidianos.<\/p>\n<p>A vida n\u00e3o pode ser amarelada. Deve ter o frescor e o colorido da primavera. Cada pessoa, com a ajuda de seu semelhante, possa encantar-se com a pr\u00f3pria exist\u00eancia.<\/p>\n<p>Dom Walmor Oliveira de Azevedo<\/p>\n<p>Arcebispo metropolitano de Belo Horizonte (MG)<\/p>\n","protected":false},"excerpt":{"rendered":"<p>Setembro \u00e9 amarelo, j\u00e1 a vida n\u00e3o pode ser confundida com qualquer cor que remeta \u00e0 palidez. &nbsp;Ela tem a beleza das flores, a generosidade colorida que a natureza manifesta de maneira t\u00e3o pr\u00f3diga. A vida \u00e9 para ser primavera, esta\u00e7\u00e3o que come\u00e7a justamente agora, em setembro. O colorido alegre das flora\u00e7\u00f5es gera contraste com&nbsp;<\/p>\n<p><a class=\"btn btn-style\" href=\"http:\/\/portalcatolico.net\/portal\/a-vida-nao-e-amarela\/\">Continue Reading<\/a><\/p>\n","protected":false},"author":2,"featured_media":57055,"comment_status":"open","ping_status":"open","sticky":false,"template":"","format":"standard","meta":{"footnotes":""},"categories":[69],"tags":[],"class_list":["post-58280","post","type-post","status-publish","format-standard","has-post-thumbnail","hentry","category-artigos"],"_links":{"self":[{"href":"http:\/\/portalcatolico.net\/portal\/wp-json\/wp\/v2\/posts\/58280","targetHints":{"allow":["GET"]}}],"collection":[{"href":"http:\/\/portalcatolico.net\/portal\/wp-json\/wp\/v2\/posts"}],"about":[{"href":"http:\/\/portalcatolico.net\/portal\/wp-json\/wp\/v2\/types\/post"}],"author":[{"embeddable":true,"href":"http:\/\/portalcatolico.net\/portal\/wp-json\/wp\/v2\/users\/2"}],"replies":[{"embeddable":true,"href":"http:\/\/portalcatolico.net\/portal\/wp-json\/wp\/v2\/comments?post=58280"}],"version-history":[{"count":1,"href":"http:\/\/portalcatolico.net\/portal\/wp-json\/wp\/v2\/posts\/58280\/revisions"}],"predecessor-version":[{"id":58281,"href":"http:\/\/portalcatolico.net\/portal\/wp-json\/wp\/v2\/posts\/58280\/revisions\/58281"}],"wp:featuredmedia":[{"embeddable":true,"href":"http:\/\/portalcatolico.net\/portal\/wp-json\/wp\/v2\/media\/57055"}],"wp:attachment":[{"href":"http:\/\/portalcatolico.net\/portal\/wp-json\/wp\/v2\/media?parent=58280"}],"wp:term":[{"taxonomy":"category","embeddable":true,"href":"http:\/\/portalcatolico.net\/portal\/wp-json\/wp\/v2\/categories?post=58280"},{"taxonomy":"post_tag","embeddable":true,"href":"http:\/\/portalcatolico.net\/portal\/wp-json\/wp\/v2\/tags?post=58280"}],"curies":[{"name":"wp","href":"https:\/\/api.w.org\/{rel}","templated":true}]}}