{"id":58269,"date":"2018-09-13T17:06:05","date_gmt":"2018-09-13T20:06:05","guid":{"rendered":"http:\/\/portalcatolico.net\/portal\/?p=58269"},"modified":"2018-09-13T18:28:27","modified_gmt":"2018-09-13T21:28:27","slug":"setima-noite-do-novenario-em-honra-a-nossa-senhora-da-piedade-acontece-em-itabuna","status":"publish","type":"post","link":"http:\/\/portalcatolico.net\/portal\/setima-noite-do-novenario-em-honra-a-nossa-senhora-da-piedade-acontece-em-itabuna\/","title":{"rendered":"S\u00e9tima noite do Noven\u00e1rio em honra \u00e0 Nossa Senhora da Piedade acontece em Itabuna"},"content":{"rendered":"<div dir=\"auto\"><img loading=\"lazy\" decoding=\"async\" class=\"size-medium wp-image-58272 alignleft\" src=\"http:\/\/portalcatolico.net\/portal\/wp-content\/uploads\/2018\/09\/41663444_931163593761317_7262917472813056000_n-300x200.jpg\" alt=\"\" width=\"300\" height=\"200\" srcset=\"http:\/\/portalcatolico.net\/portal\/wp-content\/uploads\/2018\/09\/41663444_931163593761317_7262917472813056000_n-300x200.jpg 300w, http:\/\/portalcatolico.net\/portal\/wp-content\/uploads\/2018\/09\/41663444_931163593761317_7262917472813056000_n-768x512.jpg 768w, http:\/\/portalcatolico.net\/portal\/wp-content\/uploads\/2018\/09\/41663444_931163593761317_7262917472813056000_n.jpg 960w\" sizes=\"auto, (max-width: 300px) 100vw, 300px\" \/>Os Frades Servitanos convidam voc\u00ea e sua fam\u00edlia, amigos,&nbsp;Grupos de ora\u00e7\u00e3o, Movimentos e Pastorais para participar do Noven\u00e1rio de&nbsp; Nossa Senhora da Piedade, padroeira&nbsp;do bairro Maria Pinheiro, em&nbsp; Itabuna (BA), que teve in\u00edcio no dia&nbsp; 06 e segue at\u00e9 o dia a 14 de&nbsp;setembro, com missa e reza do ter\u00e7o todas as noites, al\u00e9m de quermesse&nbsp;com comidas t\u00edpicas ap\u00f3s santa missa e espa\u00e7o para as tradicionais brincadeiras para as&nbsp;crian\u00e7as. Este ano, a Festa tem como tema: &#8220;Maria, o rosto crist\u00e3o da Igreja&#8221;. Os preparativos tiveram in\u00edcio no dia 06\/09 com&nbsp;uma carreata pelas ruas do&nbsp;bairro anunciando o in\u00edcio do Noven\u00e1rio e a festa da padroeira do&nbsp;bairro.&nbsp;<\/div>\n<div dir=\"auto\">A par\u00f3quia tem como p\u00e1roco e respons\u00e1vel,&nbsp; o Pe. Frei Ivanilton&nbsp; Oliveira dos Santos, MsS; o Vig\u00e1rio Paroquial, o Pe. Frei Lucimar Jos\u00e9&nbsp;da Silva, MsS, e o Pe. Frei Marconi Ramos da Silva, MsS.<\/div>\n<div dir=\"auto\">\n<p><img loading=\"lazy\" decoding=\"async\" class=\"wp-image-58276 aligncenter\" src=\"http:\/\/portalcatolico.net\/portal\/wp-content\/uploads\/2018\/09\/41676281_931165150427828_6333449346951938048_n-300x200.jpg\" alt=\"\" width=\"668\" height=\"446\" srcset=\"http:\/\/portalcatolico.net\/portal\/wp-content\/uploads\/2018\/09\/41676281_931165150427828_6333449346951938048_n-300x200.jpg 300w, http:\/\/portalcatolico.net\/portal\/wp-content\/uploads\/2018\/09\/41676281_931165150427828_6333449346951938048_n-768x512.jpg 768w, http:\/\/portalcatolico.net\/portal\/wp-content\/uploads\/2018\/09\/41676281_931165150427828_6333449346951938048_n.jpg 960w\" sizes=\"auto, (max-width: 668px) 100vw, 668px\" \/><\/p>\n<\/div>\n<div dir=\"auto\">Nesta 7\u00aa noite (12), o subtema&nbsp;refletido foi: &#8220;Maria nos ensina a colocar-nos a servi\u00e7o do reino&#8221; e o convidado especial foi o padre Monsenhor Nicolau Klak, p\u00e1roco da Par\u00f3quia Nossa Senhora de F\u00e1tima e o vig\u00e1rio geral da Diocese de Itabuna. Na oportunidade, ele falou: &#8220;Maria se coloca \u00e0 servi\u00e7o de Deus quando diz &#8216;eis aqui a serva do Senhor! Fa\u00e7a-se em mim, segundo a tua palavra&#8217;. Imagina&#8230; como qualquer m\u00e3e que se coloca \u00e0 servi\u00e7o do filho, ao conceber, ao sofrer, ao dar a luz, perdendo noite de sono&#8230;Maria foi tudo isso e mais ainda.&#8221;<\/div>\n<div dir=\"auto\">As par\u00f3quias convidadas foram: Nossa Senhora de F\u00e1tima e Nossa Senhora das Vit\u00f3rias.<\/div>\n<div dir=\"auto\">O grande dia festivo ser\u00e1 no, s\u00e1bado, 15 de setembro, que tem uma&nbsp; programa\u00e7\u00e3o especial:<\/div>\n<div dir=\"auto\">Solenidade de Nossa Senhora da Piedade 06h, Alvorada;<\/div>\n<div dir=\"auto\">07h, Of\u00edcio de Nossa Senhora;<\/div>\n<div dir=\"auto\">18h, Missa Solene, com a presid\u00eancia do bispo Diocesano, Dom Carlos Alberto dos Santos e concelebra\u00e7\u00e3o dos Frades Servitanos&nbsp; da Igreja matriz&nbsp;de Nossa Senhora da Piedade, al\u00e9m de padres e di\u00e1conos convidados.&nbsp;&nbsp;<\/div>\n<div dir=\"auto\">19h, Prociss\u00e3o com a imagem da santa pelas ruas do bairro at\u00e9 a&nbsp; Comunidade Nossa Senhora das Dores, situada no bairro Fonseca.<\/div>\n<div dir=\"auto\"><img loading=\"lazy\" decoding=\"async\" class=\"alignnone size-medium wp-image-58273\" src=\"http:\/\/portalcatolico.net\/portal\/wp-content\/uploads\/2018\/09\/41580064_931165070427836_1849038362149650432_n-300x200.jpg\" alt=\"\" width=\"300\" height=\"200\" srcset=\"http:\/\/portalcatolico.net\/portal\/wp-content\/uploads\/2018\/09\/41580064_931165070427836_1849038362149650432_n-300x200.jpg 300w, http:\/\/portalcatolico.net\/portal\/wp-content\/uploads\/2018\/09\/41580064_931165070427836_1849038362149650432_n-768x512.jpg 768w, http:\/\/portalcatolico.net\/portal\/wp-content\/uploads\/2018\/09\/41580064_931165070427836_1849038362149650432_n.jpg 960w\" sizes=\"auto, (max-width: 300px) 100vw, 300px\" \/> <img loading=\"lazy\" decoding=\"async\" class=\"alignnone size-medium wp-image-58275\" src=\"http:\/\/portalcatolico.net\/portal\/wp-content\/uploads\/2018\/09\/41580155_931163773761299_4979496301713424384_n-300x200.jpg\" alt=\"\" width=\"300\" height=\"200\" srcset=\"http:\/\/portalcatolico.net\/portal\/wp-content\/uploads\/2018\/09\/41580155_931163773761299_4979496301713424384_n-300x200.jpg 300w, http:\/\/portalcatolico.net\/portal\/wp-content\/uploads\/2018\/09\/41580155_931163773761299_4979496301713424384_n-768x512.jpg 768w, http:\/\/portalcatolico.net\/portal\/wp-content\/uploads\/2018\/09\/41580155_931163773761299_4979496301713424384_n.jpg 960w\" sizes=\"auto, (max-width: 300px) 100vw, 300px\" \/><\/div>\n<div dir=\"auto\">Texto e fotos:Portal Cat\u00f3lico.Net<\/div>\n","protected":false},"excerpt":{"rendered":"<p>Os Frades Servitanos convidam voc\u00ea e sua fam\u00edlia, amigos,&nbsp;Grupos de ora\u00e7\u00e3o, Movimentos e Pastorais para participar do Noven\u00e1rio de&nbsp; Nossa Senhora da Piedade, padroeira&nbsp;do bairro Maria Pinheiro, em&nbsp; Itabuna (BA), que teve in\u00edcio no dia&nbsp; 06 e segue at\u00e9 o dia a 14 de&nbsp;setembro, com missa e reza do ter\u00e7o todas as noites, al\u00e9m de&nbsp;<\/p>\n<p><a class=\"btn btn-style\" href=\"http:\/\/portalcatolico.net\/portal\/setima-noite-do-novenario-em-honra-a-nossa-senhora-da-piedade-acontece-em-itabuna\/\">Continue Reading<\/a><\/p>\n","protected":false},"author":2,"featured_media":58270,"comment_status":"open","ping_status":"open","sticky":false,"template":"","format":"standard","meta":{"footnotes":""},"categories":[68],"tags":[],"class_list":["post-58269","post","type-post","status-publish","format-standard","has-post-thumbnail","hentry","category-homilias"],"_links":{"self":[{"href":"http:\/\/portalcatolico.net\/portal\/wp-json\/wp\/v2\/posts\/58269","targetHints":{"allow":["GET"]}}],"collection":[{"href":"http:\/\/portalcatolico.net\/portal\/wp-json\/wp\/v2\/posts"}],"about":[{"href":"http:\/\/portalcatolico.net\/portal\/wp-json\/wp\/v2\/types\/post"}],"author":[{"embeddable":true,"href":"http:\/\/portalcatolico.net\/portal\/wp-json\/wp\/v2\/users\/2"}],"replies":[{"embeddable":true,"href":"http:\/\/portalcatolico.net\/portal\/wp-json\/wp\/v2\/comments?post=58269"}],"version-history":[{"count":5,"href":"http:\/\/portalcatolico.net\/portal\/wp-json\/wp\/v2\/posts\/58269\/revisions"}],"predecessor-version":[{"id":58279,"href":"http:\/\/portalcatolico.net\/portal\/wp-json\/wp\/v2\/posts\/58269\/revisions\/58279"}],"wp:featuredmedia":[{"embeddable":true,"href":"http:\/\/portalcatolico.net\/portal\/wp-json\/wp\/v2\/media\/58270"}],"wp:attachment":[{"href":"http:\/\/portalcatolico.net\/portal\/wp-json\/wp\/v2\/media?parent=58269"}],"wp:term":[{"taxonomy":"category","embeddable":true,"href":"http:\/\/portalcatolico.net\/portal\/wp-json\/wp\/v2\/categories?post=58269"},{"taxonomy":"post_tag","embeddable":true,"href":"http:\/\/portalcatolico.net\/portal\/wp-json\/wp\/v2\/tags?post=58269"}],"curies":[{"name":"wp","href":"https:\/\/api.w.org\/{rel}","templated":true}]}}