{"id":58266,"date":"2018-09-13T06:04:28","date_gmt":"2018-09-13T09:04:28","guid":{"rendered":"http:\/\/portalcatolico.net\/portal\/?p=58266"},"modified":"2018-09-13T06:04:28","modified_gmt":"2018-09-13T09:04:28","slug":"45-anos-sendo-a-figura-de-cristo-para-os-fieis","status":"publish","type":"post","link":"http:\/\/portalcatolico.net\/portal\/45-anos-sendo-a-figura-de-cristo-para-os-fieis\/","title":{"rendered":"45 anos sendo a figura de Cristo para os fi\u00e9is"},"content":{"rendered":"<p class=\"PulloutText-MediumPULLOUTS\">Monsenhor Jos\u00e9 Roberto Rodrigues Devellard, c\u00f4nego Luiz Carlos Vital de Oliveira e monsenhor Manuel Moreira Vieira, p\u00e1rocos, respectivamente, da Par\u00f3quia da Ressurrei\u00e7\u00e3o, em Copacabana, Senhor do Bonfim, na Cidade Alta, em Cordovil, e da Nossa Senhora da Paz, em Ipanema, foram ordenados sacerdotes h\u00e1 45 anos, juntos, no dia 14 de setembro de 1973. Na \u00e9poca, tinham 28 anos, com exce\u00e7\u00e3o de monsenhor Manuel, que tinha 26 anos.<\/p>\n<p class=\"PulloutText-MediumPULLOUTS\">At\u00e9 hoje, eles se encontram para comemorar juntos os anivers\u00e1rios de ordena\u00e7\u00e3o mais significativos, como o de 40 anos, em 2013, quando passaram a manh\u00e3 e almo\u00e7aram juntos.<\/p>\n<p class=\"HeadlineTitleSectionTitle\">Este ano, al\u00e9m das celebra\u00e7\u00f5es individuais, nas par\u00f3quias em que exercem o minist\u00e9rio, eles tamb\u00e9m ir\u00e3o concelebrar com o arcebispo, Cardeal Orani Jo\u00e3o Tempesta, na Capela do Pal\u00e1cio S\u00e3o Joaquim, no dia 14 de setembro, \u00e0s 11h.<\/p>\n<p><img decoding=\"async\" class=\"aligncenter\" title=\"temp_titleDSC_0792_07092018144540\" src=\"http:\/\/arqrio.org\/files\/images\/DSC_0792_07092018144540.png\" alt=\"temp_titleDSC_0792_07092018144540\"><\/p>\n<p class=\"HeadlineTitleSectionTitle\"><strong>Monsenhor Devellard e a arte sacra<\/strong><\/p>\n<p><img decoding=\"async\" class=\"aligncenter\" title=\"temp_titleDevellard_07092018144537\" src=\"http:\/\/arqrio.org\/files\/images\/Devellard_07092018144537.png\" alt=\"temp_titleDevellard_07092018144537\"><\/p>\n<p class=\"textopadrao\">Monsenhor Devellard, al\u00e9m da par\u00f3quia que conduz, \u00e9 diretor art\u00edstico do Museu Arquidiocesano de Arte Sacra (Maas) e coordenador da Comiss\u00e3o de Arte Sacra. O surgimento da voca\u00e7\u00e3o foi, segundo ele, sem grandes dificuldades: \u201cFui ao semin\u00e1rio, gostei e fiquei. N\u00e3o tem nenhuma hist\u00f3ria complicada\u201d, disse.<\/p>\n<p class=\"textopadrao\">Ele tamb\u00e9m d\u00e1 aulas no Semin\u00e1rio S\u00e3o Jos\u00e9: \u201cAssim, sinto que posso retribuir aquilo que recebi de l\u00e1 por tantos anos\u201d.<\/p>\n<p class=\"textopadrao\">Ap\u00f3s sua ordena\u00e7\u00e3o, deu aulas no semin\u00e1rio, juntamente com padre Manuel, e, em seguida, foi atuar em uma par\u00f3quia em Lins de Vasconcelos. Depois, foi estudar arte sacra e teologia, em Roma. Assim, p\u00f4de dar continuidade a algo que j\u00e1 era uma paix\u00e3o.<\/p>\n<p class=\"textopadrao\">\u201cNo semin\u00e1rio, havia muitos professores que nos incentivavam a conhecer e vivenciar a arte. E foi uma coisa que sempre gostei e at\u00e9 hoje gosto muito\u201d, contou.<\/p>\n<p class=\"textopadrao\">Ele \u00e9 muito devoto de Nossa Senhora e contou que sua devo\u00e7\u00e3o teve in\u00edcio quando entrou para o semin\u00e1rio, porque ganhou, de sua catequista, uma imagem de Nossa Senhora das Gra\u00e7as, e guarda at\u00e9 hoje. Segundo ele, no semin\u00e1rio, tamb\u00e9m h\u00e1 um grande incentivo \u00e0 devo\u00e7\u00e3o mariana e existem grupos voltados para isso. Foi assim que seu amor foi crescendo ainda mais.<\/p>\n<p class=\"textopadrao\">\u201cQuando cheguei ao Lins, coloquei uma imagem de Nossa Senhora dentro da igreja. E na Ressurrei\u00e7\u00e3o, levei um susto, porque s\u00f3 tinha uma imagem d\u2019Ela, na Capela do Sant\u00edssimo. Atualmente, h\u00e1 v\u00e1rias! Acho at\u00e9 que exagerei, mas prefiro exagerar a me omitir. Porque \u00e9 uma devo\u00e7\u00e3o muito grande. Nunca deixei imagem sem flores. Eu mesmo vou \u00e0 Cadeg para comprar as flores para Ela\u201d, contou.<\/p>\n<p>Para ele, ser padre \u00e9 viver a miss\u00e3o que Jesus confiou aos sacerdotes e levar Deus aos lugares aonde se vai.<\/p>\n<p class=\"HeadlineTitleSectionTitle\"><strong>C\u00f4nego Luiz Carlos, o agregador<\/strong><\/p>\n<p><img decoding=\"async\" class=\"aligncenter\" title=\"temp_titleLuiz_Carlos_Vital_de_Oliveira_07092018144748\" src=\"http:\/\/arqrio.org\/files\/images\/Luiz_Carlos_Vital_de_Oliveira_07092018144748.png\" alt=\"temp_titleLuiz_Carlos_Vital_de_Oliveira_07092018144748\"><\/p>\n<p class=\"textopadrao\">\u201c\u00c9 dif\u00edcil reunir todos sempre. Mas quando fizermos 50 anos de ordena\u00e7\u00e3o, mandarei uma carta para o Papa Francisco, pedindo para ele obrigar meus colegas a comemorarem a data comigo\u201d, brincou ele, que sempre faz quest\u00e3o de reunir os amigos de turma, para celebrar o anivers\u00e1rio de ordena\u00e7\u00e3o. \u201cTem anos que conseguimos nos reunir. Quando fizemos 40 anos, reunimos a turma toda na Par\u00f3quia da Ressurrei\u00e7\u00e3o, do padre Jos\u00e9 Roberto. Passamos a manh\u00e3 e almo\u00e7amos juntos\u201d, recordou.<\/p>\n<p>O diretor conselheiro da Casa do Padre e p\u00e1roco da Par\u00f3quia Senhor do Bonfim, c\u00f4nego Luiz Carlos, contou que a vontade de ser padre veio desde a inf\u00e2ncia. \u201cQuando eu era garoto, sempre dizia \u2018vou ser padre\u2019, mas depois desisti. Tinha 12 para 13 anos quando estava em minha casa, em Bangu, e fiquei com um pensamento na cabe\u00e7a: \u2018Por que n\u00e3o vou mais ser padre, se antigamente era tudo o que eu queria? Eu vou ser padre, sim!\u2019. Falei com minha m\u00e3e e fui at\u00e9 o Semin\u00e1rio Arquidiocesano de S\u00e3o Jos\u00e9. Ela n\u00e3o acreditou, mas ingressei\u201d, contou ele, que passou 14 anos na forma\u00e7\u00e3o, e sente muita saudade daquele tempo. \u201cPelo fato de permanecermos muito tempo no semin\u00e1rio, isso nos fazia criar atividades que geravam um ambiente de fam\u00edlia entre n\u00f3s. Nas f\u00e9rias, em Itaipava, era maravilhoso, em todos os sentidos. Eram momentos \u00fanicos. L\u00edamos muito, faziamos retiros, subiamos aquelas montanhas, aproveit\u00e1vamos, tamb\u00e9m, para colocar as leituras em dia; at\u00e9 faz\u00edamos disputa de quem lia mais. Foi uma experi\u00eancia excelente. Se eu tivesse que repetir, faria tudo de novo\u201d, disse.<\/p>\n<p class=\"HeadlineTitleSectionTitle\"><strong>Monsenhor Manuel e a humildade<\/strong><\/p>\n<p><img decoding=\"async\" class=\"aligncenter\" title=\"temp_titleManuel_Moreira_Vieira_07092018144649\" src=\"http:\/\/arqrio.org\/files\/images\/Manuel_Moreira_Vieira_07092018144649.png\" alt=\"temp_titleManuel_Moreira_Vieira_07092018144649\"><\/p>\n<p class=\"textopadrao\">Uma pessoa s\u00e9ria, correta e acolhedor. Esse \u00e9 monsenhor Manuel, segundo relatos de pessoas que trabalham com ele. Est\u00e1 sempre ocupado com os afazeres da par\u00f3quia. Quando questionado sobre as dificuldades do sacerd\u00f3cio, brincou: \u201cA caminhada sacerdotal n\u00e3o tem dificuldades, s\u00f3 alegrias\u201d (risos).<\/p>\n<p class=\"textopadrao\">Desde sua ordena\u00e7\u00e3o, atuou no semin\u00e1rio, dando aulas, junto ao monsenhor Devellard. Foi p\u00e1roco de par\u00f3quias em Realengo, Anchieta, Leblon e no Alto da Boa Vista. Foi ainda capel\u00e3o da Par\u00f3quia Nossa Senhora da Gl\u00f3ria, no Outeiro. \u201cDurante esse tempo, sempre fiz algum trabalho diretamente ligado \u00e0 arquidiocese, a servi\u00e7o do conjunto da Igreja do Rio. A miss\u00e3o n\u00e3o \u00e9 paroquial, mas de servi\u00e7o \u00e0 Igreja, onde ela precisar\u201d, afirmou.<\/p>\n<p class=\"textopadrao\">Al\u00e9m de p\u00e1roco da Par\u00f3quia Nossa Senhora da Paz, ele tamb\u00e9m \u00e9 membro do Col\u00e9gio de Consultores, do Conselho de Assuntos Econ\u00f4micos e da Comiss\u00e3o Arquidiocesana para a Doutrina da F\u00e9, al\u00e9m de presidente do Cabido Arquidiocesano e assessor administrativo do Semin\u00e1rio de S\u00e3o Jos\u00e9.<\/p>\n<p class=\"textopadrao\">Segundo ele, h\u00e1 tr\u00eas condi\u00e7\u00f5es que favorecem muito o surgimento de voca\u00e7\u00f5es: fam\u00edlia cat\u00f3lica, testemunho sacerdotal e trabalho vocacional. \u201cO resto, Deus faz\u201d, afirmou.<\/p>\n<p class=\"textopadrao\">E ele tinha todas elas quando descobriu sua voca\u00e7\u00e3o. \u201cSempre convivi com a possibilidade de ser padre. Minha fam\u00edlia \u00e9 cat\u00f3lica praticante, educou-me na pr\u00e1tica religiosa, fui coroinha, entre outras coisas. At\u00e9 que chegou o dia em que o padre da minha par\u00f3quia perguntou se eu gostaria de ser padre\u201d, contou ele, que come\u00e7ou ali sua caminhada rumo ao sacerd\u00f3cio.<\/p>\n<p>Informa\u00e7\u00f5es:Arquidiocese do Rio de Janeiro<\/p>\n","protected":false},"excerpt":{"rendered":"<p>Monsenhor Jos\u00e9 Roberto Rodrigues Devellard, c\u00f4nego Luiz Carlos Vital de Oliveira e monsenhor Manuel Moreira Vieira, p\u00e1rocos, respectivamente, da Par\u00f3quia da Ressurrei\u00e7\u00e3o, em Copacabana, Senhor do Bonfim, na Cidade Alta, em Cordovil, e da Nossa Senhora da Paz, em Ipanema, foram ordenados sacerdotes h\u00e1 45 anos, juntos, no dia 14 de setembro de 1973. Na&nbsp;<\/p>\n<p><a class=\"btn btn-style\" href=\"http:\/\/portalcatolico.net\/portal\/45-anos-sendo-a-figura-de-cristo-para-os-fieis\/\">Continue Reading<\/a><\/p>\n","protected":false},"author":2,"featured_media":58267,"comment_status":"open","ping_status":"open","sticky":false,"template":"","format":"standard","meta":{"footnotes":""},"categories":[3],"tags":[],"class_list":["post-58266","post","type-post","status-publish","format-standard","has-post-thumbnail","hentry","category-noticias_regionais"],"_links":{"self":[{"href":"http:\/\/portalcatolico.net\/portal\/wp-json\/wp\/v2\/posts\/58266","targetHints":{"allow":["GET"]}}],"collection":[{"href":"http:\/\/portalcatolico.net\/portal\/wp-json\/wp\/v2\/posts"}],"about":[{"href":"http:\/\/portalcatolico.net\/portal\/wp-json\/wp\/v2\/types\/post"}],"author":[{"embeddable":true,"href":"http:\/\/portalcatolico.net\/portal\/wp-json\/wp\/v2\/users\/2"}],"replies":[{"embeddable":true,"href":"http:\/\/portalcatolico.net\/portal\/wp-json\/wp\/v2\/comments?post=58266"}],"version-history":[{"count":1,"href":"http:\/\/portalcatolico.net\/portal\/wp-json\/wp\/v2\/posts\/58266\/revisions"}],"predecessor-version":[{"id":58268,"href":"http:\/\/portalcatolico.net\/portal\/wp-json\/wp\/v2\/posts\/58266\/revisions\/58268"}],"wp:featuredmedia":[{"embeddable":true,"href":"http:\/\/portalcatolico.net\/portal\/wp-json\/wp\/v2\/media\/58267"}],"wp:attachment":[{"href":"http:\/\/portalcatolico.net\/portal\/wp-json\/wp\/v2\/media?parent=58266"}],"wp:term":[{"taxonomy":"category","embeddable":true,"href":"http:\/\/portalcatolico.net\/portal\/wp-json\/wp\/v2\/categories?post=58266"},{"taxonomy":"post_tag","embeddable":true,"href":"http:\/\/portalcatolico.net\/portal\/wp-json\/wp\/v2\/tags?post=58266"}],"curies":[{"name":"wp","href":"https:\/\/api.w.org\/{rel}","templated":true}]}}