{"id":58262,"date":"2018-09-13T05:53:38","date_gmt":"2018-09-13T08:53:38","guid":{"rendered":"http:\/\/portalcatolico.net\/portal\/?p=58262"},"modified":"2018-09-13T05:54:12","modified_gmt":"2018-09-13T08:54:12","slug":"papa-aos-bispos-venezuelanos-nao-se-cansem-de-ficar-proximos-do-povo","status":"publish","type":"post","link":"http:\/\/portalcatolico.net\/portal\/papa-aos-bispos-venezuelanos-nao-se-cansem-de-ficar-proximos-do-povo\/","title":{"rendered":"Papa aos Bispos venezuelanos: n\u00e3o se cansem de ficar pr\u00f3ximos do povo"},"content":{"rendered":"<div class=\"article__subTitle\">&#8220;Eu sei que voc\u00eas est\u00e3o pr\u00f3ximos ao seu povo e pe\u00e7o que n\u00e3o se cansem dessa proximidade&#8230; E obrigado pela resist\u00eancia\u201c. S\u00e3o as palavras do Papa Francisco aos Bispos venezuelanos, recebidos na ter\u00e7a-feira por ocasi\u00e3o da visita ad Limina Apostolorum.<\/div>\n<div class=\"title__separator\">&nbsp;<\/div>\n<div class=\"article__text\">\n<p>O&nbsp;<b>Papa Francisco<\/b>&nbsp;recebeu na ter\u00e7a-feira (11\/09) os bispos venezuelanos por ocasi\u00e3o da visita&nbsp;<i>ad Limina Apostolorum<\/i>. Ao ilustrar o encontro em uma entrevista coletiva, o presidente da Confer\u00eancia Episcopal da Venezuela e bispo de Maracaibo,&nbsp;<b>D. Luis Azuaje Ayala<\/b>, logo explicou: \u201cO Papa n\u00e3o s\u00f3 nos ouviu, mas tamb\u00e9m falou sobre o significado e o valor da Igreja na Venezuela. O Papa conhece bem a situa\u00e7\u00e3o venezuelana e a grande comunh\u00e3o que temos com as dioceses de fronteira, especialmente a de C\u00facuta\u201d.<\/p>\n<p>Os prelados ilustraram ao Pont\u00edfice a realidade que vive o povo venezuelano, atualmente mergulhado em uma grande crise social, econ\u00f4mica e pol\u00edtica.<\/p>\n<p>\u201cEstamos vivendo \u2013 disse o bispo de Maracaibo \u2013 uma situa\u00e7\u00e3o sem precedentes, na qual passamos de uma realidade de constru\u00e7\u00e3o democr\u00e1tica a uma crise na esfera democr\u00e1tica, onde se quis introduzir um sistema pol\u00edtico n\u00e3o correspondente ao da atual Constitui\u00e7\u00e3o\u201d. Essa falta de constitucionalidade, levou a uma s\u00e9rie de problemas\u201d, disse o bispo.<\/p>\n<p>Antes de tudo, quando estes sistemas \u201ctornam-se poderosos, servem a si mesmo e n\u00e3o ao povo&#8221;. \u00c9 algo \u201cque leva a um enfraquecimento do sistema democr\u00e1tico\u201d, que leva o povo venezuelano a uma situa\u00e7\u00e3o desesperadora.<\/p>\n<p><b>Hiperinfla\u00e7\u00e3o, drama dos trabalhadores<\/b><\/p>\n<p>O presidente da Confer\u00eancia Episcopal frisou que os bispos falaram ao Santo Padre sobre v\u00e1rios problemas da Venezuela, e que o Papa j\u00e1 tinha conhecimento atrav\u00e9s da Secretaria de Estado, como a hiperinfla\u00e7\u00e3o \u201cque hoje deteriora qualquer margem de lucro para o trabalhador e que tem como consequ\u00eancia o desabastecimento e especula\u00e7\u00f5es\u201d.<\/p>\n<p><b>As pessoas procuram comida no lixo<\/b><\/p>\n<p>D. Luis Azuaje Ayala&nbsp;denunciou a fome no pa\u00eds: uma fome \u00e0s vezes \u201cnegada a muitos\u201d e at\u00e9 mesmo \u201cmascarada\u201d, por causa da escassez de produtos alimentares e seu pre\u00e7o totalmente inacess\u00edvel. \u201cVimos pessoas procurarem comida no lixo. Isso \u00e9 piedoso e \u00e9 contra a dignidade humana\u201d.<\/p>\n<p><b>Falta de servi\u00e7os de sa\u00fade e rem\u00e9dios: uma calamidade<\/b><\/p>\n<p>Uma outra grave car\u00eancia \u00e9 relativa ao deterioramento do sistema de sa\u00fade e a falta de medicamentos: \u201cTodas as vezes que sa\u00edmos do pa\u00eds recebemos uma longa lista de rem\u00e9dios para comprar, de parentes, amigos, sacerdotes: uma calamidade\u201d.<\/p>\n<p><b>O fen\u00f4meno das migra\u00e7\u00f5es que enfraquecem a fam\u00edlia<\/b><\/p>\n<p>Outro tema falado com o Papa foi o das migra\u00e7\u00f5es, e da tr\u00e1gica realidade que est\u00e1 repercutindo na comunidade internacional: a dos venezuelanos que atravessam os pa\u00edses latinos em busca de uma vida melhor. N\u00f3s sempre tivemos a cultura de permanecer juntos, agora, temos que partir\u201d, lamentou o Arcebispo, e isso amea\u00e7a a unidade familiar.<\/p>\n<p><b>A crise atingiu tamb\u00e9m a Igreja<\/b><\/p>\n<p>Dom Azuaje, disse que a Igreja tamb\u00e9m foi atingida pela crise por causa do fen\u00f4meno migrat\u00f3rio de sacerdotes ou inteiras comunidade religiosas. Estes tiveram que regressar aos seus pa\u00edses de origem, ou por falta de rem\u00e9dios, ou pela pr\u00f3pria escassez ou por n\u00e3o conseguirem a renova\u00e7\u00e3o do visto para ficar no pa\u00eds.<\/p>\n<p>Enquanto isso, a Confer\u00eancia Episcopal da Venezuela tuitou as palavras do Papa aos bispos &#8220;Eu sei que voc\u00eas est\u00e3o pr\u00f3ximos ao seu povo e pe\u00e7o que n\u00e3o se cansem dessa proximidade&#8230; E obrigado pela resist\u00eancia&#8221;.(Vatican News)<\/p>\n<\/div>\n","protected":false},"excerpt":{"rendered":"<p>&#8220;Eu sei que voc\u00eas est\u00e3o pr\u00f3ximos ao seu povo e pe\u00e7o que n\u00e3o se cansem dessa proximidade&#8230; E obrigado pela resist\u00eancia\u201c. S\u00e3o as palavras do Papa Francisco aos Bispos venezuelanos, recebidos na ter\u00e7a-feira por ocasi\u00e3o da visita ad Limina Apostolorum. &nbsp; O&nbsp;Papa Francisco&nbsp;recebeu na ter\u00e7a-feira (11\/09) os bispos venezuelanos por ocasi\u00e3o da visita&nbsp;ad Limina Apostolorum.&nbsp;<\/p>\n<p><a class=\"btn btn-style\" href=\"http:\/\/portalcatolico.net\/portal\/papa-aos-bispos-venezuelanos-nao-se-cansem-de-ficar-proximos-do-povo\/\">Continue Reading<\/a><\/p>\n","protected":false},"author":2,"featured_media":58263,"comment_status":"open","ping_status":"open","sticky":false,"template":"","format":"standard","meta":{"footnotes":""},"categories":[5],"tags":[],"class_list":["post-58262","post","type-post","status-publish","format-standard","has-post-thumbnail","hentry","category-igreja_no_mundo"],"_links":{"self":[{"href":"http:\/\/portalcatolico.net\/portal\/wp-json\/wp\/v2\/posts\/58262","targetHints":{"allow":["GET"]}}],"collection":[{"href":"http:\/\/portalcatolico.net\/portal\/wp-json\/wp\/v2\/posts"}],"about":[{"href":"http:\/\/portalcatolico.net\/portal\/wp-json\/wp\/v2\/types\/post"}],"author":[{"embeddable":true,"href":"http:\/\/portalcatolico.net\/portal\/wp-json\/wp\/v2\/users\/2"}],"replies":[{"embeddable":true,"href":"http:\/\/portalcatolico.net\/portal\/wp-json\/wp\/v2\/comments?post=58262"}],"version-history":[{"count":2,"href":"http:\/\/portalcatolico.net\/portal\/wp-json\/wp\/v2\/posts\/58262\/revisions"}],"predecessor-version":[{"id":58265,"href":"http:\/\/portalcatolico.net\/portal\/wp-json\/wp\/v2\/posts\/58262\/revisions\/58265"}],"wp:featuredmedia":[{"embeddable":true,"href":"http:\/\/portalcatolico.net\/portal\/wp-json\/wp\/v2\/media\/58263"}],"wp:attachment":[{"href":"http:\/\/portalcatolico.net\/portal\/wp-json\/wp\/v2\/media?parent=58262"}],"wp:term":[{"taxonomy":"category","embeddable":true,"href":"http:\/\/portalcatolico.net\/portal\/wp-json\/wp\/v2\/categories?post=58262"},{"taxonomy":"post_tag","embeddable":true,"href":"http:\/\/portalcatolico.net\/portal\/wp-json\/wp\/v2\/tags?post=58262"}],"curies":[{"name":"wp","href":"https:\/\/api.w.org\/{rel}","templated":true}]}}