{"id":58254,"date":"2018-09-11T23:37:35","date_gmt":"2018-09-12T02:37:35","guid":{"rendered":"http:\/\/portalcatolico.net\/portal\/?p=58254"},"modified":"2018-09-11T23:42:04","modified_gmt":"2018-09-12T02:42:04","slug":"novenario-em-honra-a-nossa-senhora-da-piedade-continua-em-itabuna","status":"publish","type":"post","link":"http:\/\/portalcatolico.net\/portal\/novenario-em-honra-a-nossa-senhora-da-piedade-continua-em-itabuna\/","title":{"rendered":"Noven\u00e1rio em honra \u00e0 Nossa Senhora da Piedade continua em Itabuna"},"content":{"rendered":"<p style=\"font-weight: 400;\">Os Frades Servitanos convidam voc\u00ea e sua fam\u00edlia, amigos,&nbsp;Grupos de ora\u00e7\u00e3o, Movimentos e Pastorais para participar do Noven\u00e1rio de&nbsp; Nossa Senhora da Piedade, padroeira&nbsp;do bairro Maria Pinheiro, em&nbsp;Itabuna (BA), que teve in\u00edcio no dia&nbsp; 06 e segue at\u00e9 o dia a 14 de&nbsp;setembro, com missa e reza do ter\u00e7o todas as noites, al\u00e9m de quermesse&nbsp; com comidas t\u00edpicas ap\u00f3s santa missa e espa\u00e7o para as tradicionais brincadeiras para as&nbsp;crian\u00e7as.<br \/>\nEste ano, a Festa tem como tema: &#8220;Maria, o rosto crist\u00e3o da Igreja&#8221;.<br \/>\nOs preparativos tiveram in\u00edcio no dia 06\/09 com&nbsp;uma carreata pelas ruas do&nbsp;bairro anunciando o in\u00edcio do Noven\u00e1rio e a festa da padroeira do&nbsp;bairro.<img loading=\"lazy\" decoding=\"async\" class=\"wp-image-58257 aligncenter\" src=\"http:\/\/portalcatolico.net\/portal\/wp-content\/uploads\/2018\/09\/41572308_961261374076485_4177367238849855488_n-300x200.jpg\" alt=\"\" width=\"734\" height=\"489\" srcset=\"http:\/\/portalcatolico.net\/portal\/wp-content\/uploads\/2018\/09\/41572308_961261374076485_4177367238849855488_n-300x200.jpg 300w, http:\/\/portalcatolico.net\/portal\/wp-content\/uploads\/2018\/09\/41572308_961261374076485_4177367238849855488_n-768x512.jpg 768w, http:\/\/portalcatolico.net\/portal\/wp-content\/uploads\/2018\/09\/41572308_961261374076485_4177367238849855488_n.jpg 960w\" sizes=\"auto, (max-width: 734px) 100vw, 734px\" \/><\/p>\n<p style=\"font-weight: 400;\">A par\u00f3quia tem como p\u00e1roco e respons\u00e1vel,&nbsp; o Pe. Frei Ivanilton&nbsp;Oliveira dos Santos, MsS; o Vig\u00e1rio Paroquial, o Pe. Frei Lucimar Jos\u00e9&nbsp;da Silva, MsS, e o Pe. Frei Marconi Ramos da Silva, MsS.<br \/>\nNesta ter\u00e7a-feira, 11 de setembro, aconteceu mais uma&nbsp;noite do Noven\u00e1rio, com o subtema: &#8220;Maria nos ajuda a ser presen\u00e7a redentora num mundo perdido&#8221; e o&nbsp;convidado para refletir o tema foi o Pe. Ac\u00e1ssio Alves da Silva (p\u00e1roco&nbsp;da par\u00f3quia S\u00e3o Judas Tadeu).<\/p>\n<p style=\"font-weight: 400;\">Os convidados foram a Pastoral Familiar e a&nbsp;equipe de Nossa Senhora.<br \/>\nA santa Missa teve in\u00edcio \u00e0s 19h e foi presidida pelo Pe. Ac\u00e1ssio Alves&nbsp;e concelebrada pelo Pe. Frei Carlos In\u00e1cio (vig\u00e1rio paroquial da Par\u00f3quia&nbsp;Santa Rita de C\u00e1ssia ) e pelo Pe. Frei Ivanilton Oliveira.<\/p>\n<p style=\"font-weight: 400;\">Os Noiteiros foram os membros da Comunidade S\u00e3o Cosme e S\u00e3o Dami\u00e3o.<br \/>\nO grande dia festivo ser\u00e1 no, s\u00e1bado, 15 de setembro, que tem uma&nbsp;programa\u00e7\u00e3o especial:<\/p>\n<p style=\"font-weight: 400;\">Solenidade de Nossa Senhora da Piedade<br \/>\n06h, Alvorada;<br \/>\n07h, Of\u00edcio de Nossa Senhora;<br \/>\n18h, Missa Solene, com a presid\u00eancia do bispo Diocesano, Dom Carlos Alberto dos Santos e concelebra\u00e7\u00e3o dos Frades Servitanos&nbsp; da Igreja matriz&nbsp; de Nossa Senhora da Piedade, al\u00e9m de padres e di\u00e1conos convidados; &nbsp;<br \/>\n19h, Prociss\u00e3o com a imagem da santa pelas ruas do bairro at\u00e9 a&nbsp; Comunidade Nossa Senhora das Dores, situada no bairro Fonseca.<\/p>\n<p>Texto:Reda\u00e7\u00e3o\/Portal cat\u00f3lico.Net<\/p>\n<p>\u00c1lbuns de fotos.<a href=\"https:\/\/www.facebook.com\/portalcatolicooficial\/\"><span style=\"color: #ff0000;\">CLIQUE AQUI<\/span><\/a><\/p>\n<p style=\"text-align: center;\"><strong>Confira a programa\u00e7\u00e3o da festa<\/strong><\/p>\n<p><img loading=\"lazy\" decoding=\"async\" class=\"wp-image-58147 aligncenter\" src=\"http:\/\/portalcatolico.net\/portal\/wp-content\/uploads\/2018\/09\/a8a94885-0db7-49d9-89f7-f75f793438d1-300x212.jpg\" alt=\"\" width=\"742\" height=\"524\" srcset=\"http:\/\/portalcatolico.net\/portal\/wp-content\/uploads\/2018\/09\/a8a94885-0db7-49d9-89f7-f75f793438d1-300x212.jpg 300w, http:\/\/portalcatolico.net\/portal\/wp-content\/uploads\/2018\/09\/a8a94885-0db7-49d9-89f7-f75f793438d1-768x543.jpg 768w, http:\/\/portalcatolico.net\/portal\/wp-content\/uploads\/2018\/09\/a8a94885-0db7-49d9-89f7-f75f793438d1-1024x724.jpg 1024w, http:\/\/portalcatolico.net\/portal\/wp-content\/uploads\/2018\/09\/a8a94885-0db7-49d9-89f7-f75f793438d1.jpg 1280w\" sizes=\"auto, (max-width: 742px) 100vw, 742px\" \/> <img loading=\"lazy\" decoding=\"async\" class=\"wp-image-58146 aligncenter\" src=\"http:\/\/portalcatolico.net\/portal\/wp-content\/uploads\/2018\/09\/2a01db38-1e07-4b6c-b46f-154ef26cac20-300x212.jpg\" alt=\"\" width=\"739\" height=\"522\" srcset=\"http:\/\/portalcatolico.net\/portal\/wp-content\/uploads\/2018\/09\/2a01db38-1e07-4b6c-b46f-154ef26cac20-300x212.jpg 300w, http:\/\/portalcatolico.net\/portal\/wp-content\/uploads\/2018\/09\/2a01db38-1e07-4b6c-b46f-154ef26cac20-768x543.jpg 768w, http:\/\/portalcatolico.net\/portal\/wp-content\/uploads\/2018\/09\/2a01db38-1e07-4b6c-b46f-154ef26cac20-1024x724.jpg 1024w, http:\/\/portalcatolico.net\/portal\/wp-content\/uploads\/2018\/09\/2a01db38-1e07-4b6c-b46f-154ef26cac20.jpg 1280w\" sizes=\"auto, (max-width: 739px) 100vw, 739px\" \/><\/p>\n","protected":false},"excerpt":{"rendered":"<p>Os Frades Servitanos convidam voc\u00ea e sua fam\u00edlia, amigos,&nbsp;Grupos de ora\u00e7\u00e3o, Movimentos e Pastorais para participar do Noven\u00e1rio de&nbsp; Nossa Senhora da Piedade, padroeira&nbsp;do bairro Maria Pinheiro, em&nbsp;Itabuna (BA), que teve in\u00edcio no dia&nbsp; 06 e segue at\u00e9 o dia a 14 de&nbsp;setembro, com missa e reza do ter\u00e7o todas as noites, al\u00e9m de quermesse&nbsp;&nbsp;<\/p>\n<p><a class=\"btn btn-style\" href=\"http:\/\/portalcatolico.net\/portal\/novenario-em-honra-a-nossa-senhora-da-piedade-continua-em-itabuna\/\">Continue Reading<\/a><\/p>\n","protected":false},"author":2,"featured_media":58255,"comment_status":"open","ping_status":"open","sticky":false,"template":"","format":"standard","meta":{"footnotes":""},"categories":[4],"tags":[],"class_list":["post-58254","post","type-post","status-publish","format-standard","has-post-thumbnail","hentry","category-destaques"],"_links":{"self":[{"href":"http:\/\/portalcatolico.net\/portal\/wp-json\/wp\/v2\/posts\/58254","targetHints":{"allow":["GET"]}}],"collection":[{"href":"http:\/\/portalcatolico.net\/portal\/wp-json\/wp\/v2\/posts"}],"about":[{"href":"http:\/\/portalcatolico.net\/portal\/wp-json\/wp\/v2\/types\/post"}],"author":[{"embeddable":true,"href":"http:\/\/portalcatolico.net\/portal\/wp-json\/wp\/v2\/users\/2"}],"replies":[{"embeddable":true,"href":"http:\/\/portalcatolico.net\/portal\/wp-json\/wp\/v2\/comments?post=58254"}],"version-history":[{"count":5,"href":"http:\/\/portalcatolico.net\/portal\/wp-json\/wp\/v2\/posts\/58254\/revisions"}],"predecessor-version":[{"id":58261,"href":"http:\/\/portalcatolico.net\/portal\/wp-json\/wp\/v2\/posts\/58254\/revisions\/58261"}],"wp:featuredmedia":[{"embeddable":true,"href":"http:\/\/portalcatolico.net\/portal\/wp-json\/wp\/v2\/media\/58255"}],"wp:attachment":[{"href":"http:\/\/portalcatolico.net\/portal\/wp-json\/wp\/v2\/media?parent=58254"}],"wp:term":[{"taxonomy":"category","embeddable":true,"href":"http:\/\/portalcatolico.net\/portal\/wp-json\/wp\/v2\/categories?post=58254"},{"taxonomy":"post_tag","embeddable":true,"href":"http:\/\/portalcatolico.net\/portal\/wp-json\/wp\/v2\/tags?post=58254"}],"curies":[{"name":"wp","href":"https:\/\/api.w.org\/{rel}","templated":true}]}}