{"id":58250,"date":"2018-09-11T17:19:13","date_gmt":"2018-09-11T20:19:13","guid":{"rendered":"http:\/\/portalcatolico.net\/portal\/?p=58250"},"modified":"2018-09-11T17:20:45","modified_gmt":"2018-09-11T20:20:45","slug":"papa-nestes-tempos-o-grande-acusador-parece-perseguir-os-bispos","status":"publish","type":"post","link":"http:\/\/portalcatolico.net\/portal\/papa-nestes-tempos-o-grande-acusador-parece-perseguir-os-bispos\/","title":{"rendered":"Papa: nestes tempos o Grande Acusador parece perseguir os bispos"},"content":{"rendered":"<div class=\"article__subTitle\">O bispo \u00e9 um homem de ora\u00e7\u00e3o, sente-se escolhido e \u00e9 pr\u00f3ximo ao povo. Na homilia na Casa Santa Marta, o Papa Francisco concentra-se sobre estes tr\u00eas aspectos que devem caracterizar um bispo.<\/div>\n<div class=\"article__text\">\n<p>Nestes tempos parece que o Grande Acusador est\u00e1 perseguindo os bispos e portanto, para eles \u00e9 importante recordar que a sua for\u00e7a \u00e9 ser homens de ora\u00e7\u00e3o, saber terem sido escolhidos por Deus e permanecer pr\u00f3ximos \u00e0s pessoas.<\/p>\n<p>Na homilia da missa celebrada esta manh\u00e3 na capela da Casa Santa Marta, o Papa refletiu sobre esse minist\u00e9rio, inspirando-se no Evangelho de Lucas (Lc 6, 12-19) proposto pela liturgia do dia. A passagem narra que Jesus passa a noite em ora\u00e7\u00e3o, e depois escolhe os Doze Ap\u00f3stolos &#8211; ou seja, os &#8220;primeiros bispos&#8221; &#8211; e ent\u00e3o desce para as plan\u00edcies e est\u00e1 em meio \u00e0s pessoas que v\u00eam para ouvi-lo e serem curadas de doen\u00e7as.<\/p>\n<p><strong>Cursos para bispos<\/strong><\/p>\n<p>Francisco fez esta reflex\u00e3o sobre a escolha dos bispos como Jesus fez pela primeira vez, tamb\u00e9m \u00e0 luz do fato de que, neste per\u00edodo em Roma, est\u00e3o sendo realizados tr\u00eas cursos para bispos: um de atualiza\u00e7\u00e3o para os bispos que completaram 10 anos de episcopado \u2013 conclu\u00eddo nestes dias &nbsp;&#8211; um para 74 bispos que&nbsp; est\u00e3o \u00e0 frente das dioceses de territ\u00f3rios de miss\u00e3o \u2013 que portanto fazem refer\u00eancia&nbsp; \u00e0 Congrega\u00e7\u00e3o de&nbsp;<i>Propaganda Fidei<\/i>&nbsp;&#8211; e um com 130-140 bispos que pertencem \u00e0 Congrega\u00e7\u00e3o dos Bispos. Portanto, novos bispos: mais de 200 nesses dois cursos.<\/p>\n<p><strong>Homem de ora\u00e7\u00e3o<\/strong><\/p>\n<p>O primeiro aspecto fundamental \u00e9 ser homens de ora\u00e7\u00e3o. A ora\u00e7\u00e3o \u00e9, de fato, &#8220;a consola\u00e7\u00e3o que um bispo tem nos momentos dif\u00edceis&#8221; &#8211; observa o Papa &#8211; isto \u00e9, saber que &#8220;neste momento Jesus reza por mim&#8221;, &#8220;reza por todos os bispos&#8221;.<\/p>\n<p>Nessa consci\u00eancia, o bispo encontra aquela &#8220;consola\u00e7\u00e3o&#8221; e aquela for\u00e7a que o leva por sua vez a rezar por si mesmo e pelo povo de Deus.&nbsp; Esta \u00e9 sua primeira tarefa. S\u00e3o Pedro tamb\u00e9m confirma que o bispo \u00e9 um homem de ora\u00e7\u00e3o quando diz: &#8220;Para n\u00f3s, a ora\u00e7\u00e3o e o an\u00fancio da Palavra&#8221;. Ele n\u00e3o diz: &#8220;Para n\u00f3s, a organiza\u00e7\u00e3o dos planos pastorais &#8230;&#8221;, enfatiza Francisco.<\/p>\n<p><strong>Um homem que se sente escolhido e \u00e9 humilde<\/strong><\/p>\n<p>O segundo aspecto que o Papa ressalta \u00e9 que Jesus escolhe os Doze e o bispo fiel sabe que n\u00e3o foi ele que escolheu:<\/p>\n<p><i>O bispo que ama Jesus n\u00e3o \u00e9 um galgador que segue em frente com sua voca\u00e7\u00e3o como se fosse uma fun\u00e7\u00e3o, talvez olhando para outra possibilidade de seguir em frente e de subir: n\u00e3o. O bispo se sente escolhido. E ele tem a certeza de ter sido escolhido. E isso o leva ao di\u00e1logo com o Senhor: &#8220;Voc\u00ea me escolheu, que sou pouca coisa, que sou pecador &#8230;&#8221;: tem humildade. Porque ele, quando se sente escolhido, sente o olhar de Jesus sobre a pr\u00f3pria exist\u00eancia e isso lhe d\u00e1 for\u00e7a.<\/i><\/p>\n<p><strong>N\u00e3o fica distante das pessoas<\/strong><\/p>\n<p>Por fim, como Jesus no Evangelho de hoje, o bispo desce a um lugar plano para estar perto do povo e n\u00e3o se afasta:<\/p>\n<p><i>O bispo que n\u00e3o permanece distante do povo, que n\u00e3o usa atitudes que o levam a estar distante do povo; o bispo que toca as pessoas e se deixa tocar pelas pessoas. Ele n\u00e3o vai procurar ref\u00fagio nos poderosos, nas elites: n\u00e3o. Ser\u00e3o as elites que ir\u00e3o criticar o bispo; o povo tem essa atitude de amor para com o bispo, e tem essa&nbsp; &#8211; por assim dizer \u2013 esta un\u00e7\u00e3o especial: confirma o bispo na voca\u00e7\u00e3o.<\/i><\/p>\n<p><strong>O Grande Acusador quer escandalizar as pessoas<\/strong><\/p>\n<p>V\u00e1rias vezes durante a homilia o Papa reafirma que a for\u00e7a do bispo \u00e9 precisamente ser &#8220;homem de ora\u00e7\u00e3o&#8221;, &#8220;homem que se sente escolhido por Deus&#8221; e &#8220;homem em meio ao povo&#8221;:<\/p>\n<p><i>\u00c9 bom recordar, nestes tempos, em que parece que o Grande Acusador tenha se soltado e persegue os bispos. \u00c9 verdade, existem, todos &nbsp;somos pecadores, n\u00f3s bispos. Mas, procura desvendar os pecados, para que sejam vistos, para escandalizar as pessoas. O Grande Acusador que, como ele mesmo diz a Deus no primeiro cap\u00edtulo do Livro de J\u00f3, &#8220;vaga pelo mundo procurando como acusar&#8221;. A for\u00e7a do bispo contra o Grande Acusador \u00e9 a ora\u00e7\u00e3o, aquela de Jesus sobre ele e a pr\u00f3pria; e a humildade de sentir-se escolhido e de permanecer pr\u00f3ximo ao povo de Deus, sem ir em dire\u00e7\u00e3o a uma vida aristocr\u00e1tica que lhe tira essa un\u00e7\u00e3o.<\/i><\/p>\n<p>Rezemos hoje &nbsp;por nossos bispos: por mim, por estes que est\u00e3o aqui &nbsp;e por todos os bispos do mundo.<\/p>\n<p>Por: Debora Donnini<\/p>\n<p>Fonte: Vatican News<\/p>\n<\/div>\n","protected":false},"excerpt":{"rendered":"<p>O bispo \u00e9 um homem de ora\u00e7\u00e3o, sente-se escolhido e \u00e9 pr\u00f3ximo ao povo. Na homilia na Casa Santa Marta, o Papa Francisco concentra-se sobre estes tr\u00eas aspectos que devem caracterizar um bispo. Nestes tempos parece que o Grande Acusador est\u00e1 perseguindo os bispos e portanto, para eles \u00e9 importante recordar que a sua for\u00e7a&nbsp;<\/p>\n<p><a class=\"btn btn-style\" href=\"http:\/\/portalcatolico.net\/portal\/papa-nestes-tempos-o-grande-acusador-parece-perseguir-os-bispos\/\">Continue Reading<\/a><\/p>\n","protected":false},"author":2,"featured_media":58251,"comment_status":"open","ping_status":"open","sticky":false,"template":"","format":"standard","meta":{"footnotes":""},"categories":[5],"tags":[],"class_list":["post-58250","post","type-post","status-publish","format-standard","has-post-thumbnail","hentry","category-igreja_no_mundo"],"_links":{"self":[{"href":"http:\/\/portalcatolico.net\/portal\/wp-json\/wp\/v2\/posts\/58250","targetHints":{"allow":["GET"]}}],"collection":[{"href":"http:\/\/portalcatolico.net\/portal\/wp-json\/wp\/v2\/posts"}],"about":[{"href":"http:\/\/portalcatolico.net\/portal\/wp-json\/wp\/v2\/types\/post"}],"author":[{"embeddable":true,"href":"http:\/\/portalcatolico.net\/portal\/wp-json\/wp\/v2\/users\/2"}],"replies":[{"embeddable":true,"href":"http:\/\/portalcatolico.net\/portal\/wp-json\/wp\/v2\/comments?post=58250"}],"version-history":[{"count":2,"href":"http:\/\/portalcatolico.net\/portal\/wp-json\/wp\/v2\/posts\/58250\/revisions"}],"predecessor-version":[{"id":58253,"href":"http:\/\/portalcatolico.net\/portal\/wp-json\/wp\/v2\/posts\/58250\/revisions\/58253"}],"wp:featuredmedia":[{"embeddable":true,"href":"http:\/\/portalcatolico.net\/portal\/wp-json\/wp\/v2\/media\/58251"}],"wp:attachment":[{"href":"http:\/\/portalcatolico.net\/portal\/wp-json\/wp\/v2\/media?parent=58250"}],"wp:term":[{"taxonomy":"category","embeddable":true,"href":"http:\/\/portalcatolico.net\/portal\/wp-json\/wp\/v2\/categories?post=58250"},{"taxonomy":"post_tag","embeddable":true,"href":"http:\/\/portalcatolico.net\/portal\/wp-json\/wp\/v2\/tags?post=58250"}],"curies":[{"name":"wp","href":"https:\/\/api.w.org\/{rel}","templated":true}]}}