{"id":58246,"date":"2018-09-11T17:09:51","date_gmt":"2018-09-11T20:09:51","guid":{"rendered":"http:\/\/portalcatolico.net\/portal\/?p=58246"},"modified":"2018-09-11T17:10:26","modified_gmt":"2018-09-11T20:10:26","slug":"vem-ai-o-aniversario-da-diocese-de-itabuna","status":"publish","type":"post","link":"http:\/\/portalcatolico.net\/portal\/vem-ai-o-aniversario-da-diocese-de-itabuna\/","title":{"rendered":"Vem a\u00ed, o anivers\u00e1rio da Diocese de Itabuna!"},"content":{"rendered":"<p style=\"font-weight: 400;\">Em&nbsp; novembro deste ano, a Diocese de Itabuna celebrar\u00e1 os seus 40 anos. E para comemorar esse Jubileu, a Diocese est\u00e1&nbsp;preparando&nbsp; uma programa\u00e7\u00e3o especial que marca a mem\u00f3ria, hist\u00f3ria e&nbsp;tamb\u00e9m, motiva os diocesanos e paroquianos&nbsp; a darem continuidade \u00e0&nbsp;viv\u00eancia do testemunho de&nbsp; f\u00e9, miss\u00e3o e evangeliza\u00e7\u00e3o em Itabuna.&nbsp;<br \/>\nEm breve, este Portal trar\u00e1 mais not\u00edcias relacionadas a esta festa t\u00e3o esperada! Aguarde!<\/p>\n<p>Texto:Reda\u00e7\u00e3o\/Portal Cat\u00f3lico.Net<\/p>\n","protected":false},"excerpt":{"rendered":"<p>Em&nbsp; novembro deste ano, a Diocese de Itabuna celebrar\u00e1 os seus 40 anos. E para comemorar esse Jubileu, a Diocese est\u00e1&nbsp;preparando&nbsp; uma programa\u00e7\u00e3o especial que marca a mem\u00f3ria, hist\u00f3ria e&nbsp;tamb\u00e9m, motiva os diocesanos e paroquianos&nbsp; a darem continuidade \u00e0&nbsp;viv\u00eancia do testemunho de&nbsp; f\u00e9, miss\u00e3o e evangeliza\u00e7\u00e3o em Itabuna.&nbsp; Em breve, este Portal trar\u00e1 mais not\u00edcias&nbsp;<\/p>\n<p><a class=\"btn btn-style\" href=\"http:\/\/portalcatolico.net\/portal\/vem-ai-o-aniversario-da-diocese-de-itabuna\/\">Continue Reading<\/a><\/p>\n","protected":false},"author":2,"featured_media":58247,"comment_status":"open","ping_status":"open","sticky":false,"template":"","format":"standard","meta":{"footnotes":""},"categories":[1],"tags":[],"class_list":["post-58246","post","type-post","status-publish","format-standard","has-post-thumbnail","hentry","category-agenda"],"_links":{"self":[{"href":"http:\/\/portalcatolico.net\/portal\/wp-json\/wp\/v2\/posts\/58246","targetHints":{"allow":["GET"]}}],"collection":[{"href":"http:\/\/portalcatolico.net\/portal\/wp-json\/wp\/v2\/posts"}],"about":[{"href":"http:\/\/portalcatolico.net\/portal\/wp-json\/wp\/v2\/types\/post"}],"author":[{"embeddable":true,"href":"http:\/\/portalcatolico.net\/portal\/wp-json\/wp\/v2\/users\/2"}],"replies":[{"embeddable":true,"href":"http:\/\/portalcatolico.net\/portal\/wp-json\/wp\/v2\/comments?post=58246"}],"version-history":[{"count":2,"href":"http:\/\/portalcatolico.net\/portal\/wp-json\/wp\/v2\/posts\/58246\/revisions"}],"predecessor-version":[{"id":58249,"href":"http:\/\/portalcatolico.net\/portal\/wp-json\/wp\/v2\/posts\/58246\/revisions\/58249"}],"wp:featuredmedia":[{"embeddable":true,"href":"http:\/\/portalcatolico.net\/portal\/wp-json\/wp\/v2\/media\/58247"}],"wp:attachment":[{"href":"http:\/\/portalcatolico.net\/portal\/wp-json\/wp\/v2\/media?parent=58246"}],"wp:term":[{"taxonomy":"category","embeddable":true,"href":"http:\/\/portalcatolico.net\/portal\/wp-json\/wp\/v2\/categories?post=58246"},{"taxonomy":"post_tag","embeddable":true,"href":"http:\/\/portalcatolico.net\/portal\/wp-json\/wp\/v2\/tags?post=58246"}],"curies":[{"name":"wp","href":"https:\/\/api.w.org\/{rel}","templated":true}]}}