{"id":58239,"date":"2018-09-11T06:07:47","date_gmt":"2018-09-11T09:07:47","guid":{"rendered":"http:\/\/portalcatolico.net\/portal\/?p=58239"},"modified":"2018-09-11T06:10:22","modified_gmt":"2018-09-11T09:10:22","slug":"setenario-em-honra-a-nossa-senhora-da-soledade-esta-acontecendo-na-lapa","status":"publish","type":"post","link":"http:\/\/portalcatolico.net\/portal\/setenario-em-honra-a-nossa-senhora-da-soledade-esta-acontecendo-na-lapa\/","title":{"rendered":"Seten\u00e1rio em honra \u00e0 Nossa Senhora da Soledade est\u00e1 acontecendo na Lapa"},"content":{"rendered":"<p style=\"font-weight: 400;\"><img loading=\"lazy\" decoding=\"async\" class=\"wp-image-58244 aligncenter\" src=\"http:\/\/portalcatolico.net\/portal\/wp-content\/uploads\/2018\/09\/41501588_1911999108880756_6585921204081655808_n-300x168.jpg\" alt=\"\" width=\"729\" height=\"408\" srcset=\"http:\/\/portalcatolico.net\/portal\/wp-content\/uploads\/2018\/09\/41501588_1911999108880756_6585921204081655808_n-300x168.jpg 300w, http:\/\/portalcatolico.net\/portal\/wp-content\/uploads\/2018\/09\/41501588_1911999108880756_6585921204081655808_n-768x430.jpg 768w, http:\/\/portalcatolico.net\/portal\/wp-content\/uploads\/2018\/09\/41501588_1911999108880756_6585921204081655808_n.jpg 960w\" sizes=\"auto, (max-width: 729px) 100vw, 729px\" \/>Entre os dias 7 a 15 de setembro, a cidade de Bom&nbsp;Jesus da Lapa (BA), est\u00e1 realizando o Seten\u00e1rio e Festa de Nossa Senhora da Soledade. \u00c9 em Bom Jesus da Lapa&nbsp;que se localiza um dos santu\u00e1rios mais visitados interior da Bahia, por turistas, fi\u00e9is e romeiros de todo o Brasil. Entre suas principais romarias, est\u00e1 a&nbsp;Romaria de Nossa Senhora da Soledade que reune milhares de fieis.&nbsp;<br \/>\nDurante os festejos de Nossa Senhora da Soledade, acontecem v\u00e1rias celebra\u00e7\u00f5es e missas, todos os&nbsp;dias, sempre \u00e0s 19h.<\/p>\n<p style=\"font-weight: 400;\">&nbsp; A 3\u00aa Noite do Seten\u00e1rio aconteceu nesta segunda-feira (10), \u00e0s 19h, e teve como Subtema: &#8220;Maria, M\u00e3e da Soledade, verdadeiro sujeito na&nbsp;comunidade crist\u00e3.&#8221;<\/p>\n<p style=\"font-weight: 400;\">&nbsp;A santa missa foi presidida pelo bispo diocesano Dom&nbsp;Jo\u00e3o Santos Cardoso, da Diocese de Bom Jesus da Lapa e concelebrada por&nbsp;padres mission\u00e1rios redentorista, padres diocesanos, al\u00e9m dos&nbsp;seminaristas.<\/p>\n<p><img loading=\"lazy\" decoding=\"async\" class=\"wp-image-58242 aligncenter\" src=\"http:\/\/portalcatolico.net\/portal\/wp-content\/uploads\/2018\/09\/41617438_1911997705547563_1955127851111940096_n-291x300.jpg\" alt=\"\" width=\"733\" height=\"756\" srcset=\"http:\/\/portalcatolico.net\/portal\/wp-content\/uploads\/2018\/09\/41617438_1911997705547563_1955127851111940096_n-291x300.jpg 291w, http:\/\/portalcatolico.net\/portal\/wp-content\/uploads\/2018\/09\/41617438_1911997705547563_1955127851111940096_n-768x791.jpg 768w, http:\/\/portalcatolico.net\/portal\/wp-content\/uploads\/2018\/09\/41617438_1911997705547563_1955127851111940096_n.jpg 932w\" sizes=\"auto, (max-width: 733px) 100vw, 733px\" \/><\/p>\n<p style=\"font-weight: 400;\">O Pe. Jo\u00e3o Batista, CSsR, Mission\u00e1rio Redentorista da&nbsp;Arquidiocese de Salvador, foi quem refletiu o subtema acima citado e esclareceu: &#8220;Ser sujeito de uma comunidade \u00e9 voc\u00ea n\u00e3o ficar na arquibancada. \u00c9 voc\u00ea n\u00e3o ser apenas um coadjuvante. \u00c9 n\u00e3o ser algu\u00e9m que s\u00f3 assiste a sua comunidade. Mas, ser pessoa que interage, que participa, que vive a vida da comunidade. Que sonha, que projeta, que estuda, que planeja, que executa. \u00c9 sentir o cora\u00e7\u00e3o arder por sua comunidade!&#8221;.<\/p>\n<p style=\"font-weight: 400;\">Vale ressaltar que no dia 14 de&nbsp;setembro, acontece a adora\u00e7\u00e3o \u00e0 santa cruz e a renova\u00e7\u00e3o da f\u00e9, \u00e0s 20h30. E no pr\u00f3ximo dia,15, que \u00e9 muito&nbsp;esperado, acontece a missa solene e Prociss\u00e3o de Nossa Senhora da Soledade. Participe!<\/p>\n<p style=\"font-weight: 400;\">Fotos: Uelder Negr\u00e3o\/Santu\u00e1rio de Bom Jesus da Lapa (BA)<\/p>\n<p style=\"font-weight: 400;\">Texto: Reda\u00e7\u00e3o\/Portal Cat\u00f3lico.Net<\/p>\n<p>&nbsp;<\/p>\n","protected":false},"excerpt":{"rendered":"<p>Entre os dias 7 a 15 de setembro, a cidade de Bom&nbsp;Jesus da Lapa (BA), est\u00e1 realizando o Seten\u00e1rio e Festa de Nossa Senhora da Soledade. \u00c9 em Bom Jesus da Lapa&nbsp;que se localiza um dos santu\u00e1rios mais visitados interior da Bahia, por turistas, fi\u00e9is e romeiros de todo o Brasil. Entre suas principais romarias,&nbsp;<\/p>\n<p><a class=\"btn btn-style\" href=\"http:\/\/portalcatolico.net\/portal\/setenario-em-honra-a-nossa-senhora-da-soledade-esta-acontecendo-na-lapa\/\">Continue Reading<\/a><\/p>\n","protected":false},"author":2,"featured_media":58240,"comment_status":"open","ping_status":"open","sticky":false,"template":"","format":"standard","meta":{"footnotes":""},"categories":[68],"tags":[],"class_list":["post-58239","post","type-post","status-publish","format-standard","has-post-thumbnail","hentry","category-homilias"],"_links":{"self":[{"href":"http:\/\/portalcatolico.net\/portal\/wp-json\/wp\/v2\/posts\/58239","targetHints":{"allow":["GET"]}}],"collection":[{"href":"http:\/\/portalcatolico.net\/portal\/wp-json\/wp\/v2\/posts"}],"about":[{"href":"http:\/\/portalcatolico.net\/portal\/wp-json\/wp\/v2\/types\/post"}],"author":[{"embeddable":true,"href":"http:\/\/portalcatolico.net\/portal\/wp-json\/wp\/v2\/users\/2"}],"replies":[{"embeddable":true,"href":"http:\/\/portalcatolico.net\/portal\/wp-json\/wp\/v2\/comments?post=58239"}],"version-history":[{"count":3,"href":"http:\/\/portalcatolico.net\/portal\/wp-json\/wp\/v2\/posts\/58239\/revisions"}],"predecessor-version":[{"id":58245,"href":"http:\/\/portalcatolico.net\/portal\/wp-json\/wp\/v2\/posts\/58239\/revisions\/58245"}],"wp:featuredmedia":[{"embeddable":true,"href":"http:\/\/portalcatolico.net\/portal\/wp-json\/wp\/v2\/media\/58240"}],"wp:attachment":[{"href":"http:\/\/portalcatolico.net\/portal\/wp-json\/wp\/v2\/media?parent=58239"}],"wp:term":[{"taxonomy":"category","embeddable":true,"href":"http:\/\/portalcatolico.net\/portal\/wp-json\/wp\/v2\/categories?post=58239"},{"taxonomy":"post_tag","embeddable":true,"href":"http:\/\/portalcatolico.net\/portal\/wp-json\/wp\/v2\/tags?post=58239"}],"curies":[{"name":"wp","href":"https:\/\/api.w.org\/{rel}","templated":true}]}}