{"id":58236,"date":"2018-09-10T18:10:26","date_gmt":"2018-09-10T21:10:26","guid":{"rendered":"http:\/\/portalcatolico.net\/portal\/?p=58236"},"modified":"2018-09-10T18:10:26","modified_gmt":"2018-09-10T21:10:26","slug":"cidade-de-milagres-sediou-encontrao-de-lideres-da-pastoral-da-crianca-neste-domingo","status":"publish","type":"post","link":"http:\/\/portalcatolico.net\/portal\/cidade-de-milagres-sediou-encontrao-de-lideres-da-pastoral-da-crianca-neste-domingo\/","title":{"rendered":"Cidade de Milagres sediou Encontr\u00e3o de L\u00edderes da Pastoral da Crian\u00e7a neste domingo"},"content":{"rendered":"<p>A Forania IV \u2013 S\u00e3o Jo\u00e3o realizou neste domingo (09\/09), o Encontr\u00e3o de L\u00edderes da Pastoral da Crian\u00e7a no Santu\u00e1rio Nossa Senhora de Brotas em Milagres\/BA.&nbsp;O Encontr\u00e3o foi realizado pela necessidade de motivar os l\u00edderes, os quais prestam um grande servi\u00e7o como volunt\u00e1rios da Pastoral da Crian\u00e7a.<\/p>\n<p>O encontro foi aberto com um momento de Acolhida, Intera\u00e7\u00e3o, Ora\u00e7\u00e3o, e uma caminhada at\u00e9 o Santu\u00e1rio, em seguida houve a partilha do tema: \u201cPastoral da Crian\u00e7a, Po\u00e7o de Encontro com Jesus\u201d, onde foram realizados trabalhos em grupo, e posteriormente foi feita a apresenta\u00e7\u00e3o dos trabalhos dirigida pela irm\u00e3 Judite, que com seguran\u00e7a e compromisso partilhou sobre o texto da Mulher Samaritana.<\/p>\n<p>A programa\u00e7\u00e3o foi encerrada com a Santa Missa \u00e0s 14h celebrada pelo p\u00e1roco, Padre Neivaldo Carvalho. No final, os volunt\u00e1rios receberam a visita do Ex-Coordenador Estadual da Pastoral da Crian\u00e7a, Cosme Oliveira, que com alegria transmitiu palavras animadoras para todos.<\/p>\n<p>A Coordenadora da Forania IV-Sao Jo\u00e3o, Terezinha Fagundes, agradeceu ao Padre Neivaldo por acolher este Encontr\u00e3o de L\u00edderes no Santu\u00e1rio Nossa Senhora de Brotas, assim como a todos os coordenadores pelo esfor\u00e7o na organiza\u00e7\u00e3o deste encontro, e a Irm\u00e3 Judite pela partilha da Palavra no fortalecimento espiritual de todos.<\/p>\n<p>Texto: Terezinha Fagundes | Editado por Tribuna do Rec\u00f4ncavo<span id=\"more-123009\"><\/span><\/p>\n<div id=\"attachment_123013\" class=\"wp-caption aligncenter\"><img loading=\"lazy\" decoding=\"async\" class=\"wp-image-123013 size-full\" src=\"https:\/\/tribunadoreconcavo.com\/wp-content\/uploads\/2018\/09\/enc-pc-mila-2.jpg\" sizes=\"auto, (max-width: 700px) 100vw, 700px\" srcset=\"https:\/\/tribunadoreconcavo.com\/wp-content\/uploads\/2018\/09\/enc-pc-mila-2.jpg 700w, https:\/\/tribunadoreconcavo.com\/wp-content\/uploads\/2018\/09\/enc-pc-mila-2-300x170.jpg 300w\" alt=\"\" width=\"700\" height=\"396\"><\/p>\n<p class=\"wp-caption-text\">Foto: Divulga\u00e7\u00e3o<\/p>\n<\/div>\n","protected":false},"excerpt":{"rendered":"<p>A Forania IV \u2013 S\u00e3o Jo\u00e3o realizou neste domingo (09\/09), o Encontr\u00e3o de L\u00edderes da Pastoral da Crian\u00e7a no Santu\u00e1rio Nossa Senhora de Brotas em Milagres\/BA.&nbsp;O Encontr\u00e3o foi realizado pela necessidade de motivar os l\u00edderes, os quais prestam um grande servi\u00e7o como volunt\u00e1rios da Pastoral da Crian\u00e7a. O encontro foi aberto com um momento de&nbsp;<\/p>\n<p><a class=\"btn btn-style\" href=\"http:\/\/portalcatolico.net\/portal\/cidade-de-milagres-sediou-encontrao-de-lideres-da-pastoral-da-crianca-neste-domingo\/\">Continue Reading<\/a><\/p>\n","protected":false},"author":2,"featured_media":58237,"comment_status":"open","ping_status":"open","sticky":false,"template":"","format":"standard","meta":{"footnotes":""},"categories":[3],"tags":[],"class_list":["post-58236","post","type-post","status-publish","format-standard","has-post-thumbnail","hentry","category-noticias_regionais"],"_links":{"self":[{"href":"http:\/\/portalcatolico.net\/portal\/wp-json\/wp\/v2\/posts\/58236","targetHints":{"allow":["GET"]}}],"collection":[{"href":"http:\/\/portalcatolico.net\/portal\/wp-json\/wp\/v2\/posts"}],"about":[{"href":"http:\/\/portalcatolico.net\/portal\/wp-json\/wp\/v2\/types\/post"}],"author":[{"embeddable":true,"href":"http:\/\/portalcatolico.net\/portal\/wp-json\/wp\/v2\/users\/2"}],"replies":[{"embeddable":true,"href":"http:\/\/portalcatolico.net\/portal\/wp-json\/wp\/v2\/comments?post=58236"}],"version-history":[{"count":1,"href":"http:\/\/portalcatolico.net\/portal\/wp-json\/wp\/v2\/posts\/58236\/revisions"}],"predecessor-version":[{"id":58238,"href":"http:\/\/portalcatolico.net\/portal\/wp-json\/wp\/v2\/posts\/58236\/revisions\/58238"}],"wp:featuredmedia":[{"embeddable":true,"href":"http:\/\/portalcatolico.net\/portal\/wp-json\/wp\/v2\/media\/58237"}],"wp:attachment":[{"href":"http:\/\/portalcatolico.net\/portal\/wp-json\/wp\/v2\/media?parent=58236"}],"wp:term":[{"taxonomy":"category","embeddable":true,"href":"http:\/\/portalcatolico.net\/portal\/wp-json\/wp\/v2\/categories?post=58236"},{"taxonomy":"post_tag","embeddable":true,"href":"http:\/\/portalcatolico.net\/portal\/wp-json\/wp\/v2\/tags?post=58236"}],"curies":[{"name":"wp","href":"https:\/\/api.w.org\/{rel}","templated":true}]}}