{"id":58231,"date":"2018-09-10T12:59:43","date_gmt":"2018-09-10T15:59:43","guid":{"rendered":"http:\/\/portalcatolico.net\/portal\/?p=58231"},"modified":"2018-09-10T19:22:10","modified_gmt":"2018-09-10T22:22:10","slug":"continua-em-itabuna-o-novenario-em-honra-a-nossa-senhora-da-piedade","status":"publish","type":"post","link":"http:\/\/portalcatolico.net\/portal\/continua-em-itabuna-o-novenario-em-honra-a-nossa-senhora-da-piedade\/","title":{"rendered":"Continua em Itabuna, o Noven\u00e1rio em honra \u00e0 Nossa Senhora da Piedade"},"content":{"rendered":"<p style=\"font-weight: 400;\">Na noite desse domingo, 9 de setembro, a comunidade&nbsp; cat\u00f3lica&nbsp; da&nbsp; Par\u00f3quia Nossa Senhora da Piedade no bairro Maria Pinheiro em Itabuna (BA), celebrou a 4\u00aa&nbsp;noite do noven\u00e1rio em prepara\u00e7\u00e3o para festa da santa que leva o nome da igreja.<\/p>\n<p style=\"font-weight: 400;\">A Santa Missa foi presidida pelos Frades Servitanos,&nbsp; Pe.&nbsp;Frei&nbsp; Marconi Ramos da Silva, MsS,(Vig\u00e1rio paroquial) e concelebrada&nbsp;pelo Pe. Frei Ivanilton.<\/p>\n<p style=\"font-weight: 400;\">Na oportunidade, tamb\u00e9m foi realizada a investidura de&nbsp;dez novos ministros extraordin\u00e1rios da Sagrada Comunh\u00e3o. Agora&nbsp;s\u00e3o 11 ministros da&nbsp;Sagrada Comunh\u00e3o na par\u00f3quia.<br \/>\n&nbsp;<\/p>\n<p style=\"font-weight: 400;\">O subtema desta quarta noite foi: &#8220;Maria nos ensina a revelar a paterna&nbsp; bondade de Deus&#8221; e para refletir o convidado o foi o p\u00e1roco da Igreja&nbsp; matriz de Nossa Senhora da Piedade o Pe. Frei Ivanilton Oliveira dos&nbsp;Santos, MsS.<br \/>\nOs homenageados foram Irmandade de Nossa Senhora de Perp\u00e9tuo Socorro e&nbsp; Legi\u00e3o de Maria.<\/p>\n<p style=\"font-weight: 400;\">\u00c0s 18h30 teve reza&nbsp;do ter\u00e7o e \u00e0s 19h, aconteceu a Celebra\u00e7\u00e3o Eucar\u00edstica.<\/p>\n<p><strong>Investidura<\/strong><br \/>\n<img loading=\"lazy\" decoding=\"async\" class=\"wp-image-58233 aligncenter\" src=\"http:\/\/portalcatolico.net\/portal\/wp-content\/uploads\/2018\/09\/41390551_928625640681779_8957213424622764032_n-300x200.jpg\" alt=\"\" width=\"740\" height=\"493\" srcset=\"http:\/\/portalcatolico.net\/portal\/wp-content\/uploads\/2018\/09\/41390551_928625640681779_8957213424622764032_n-300x200.jpg 300w, http:\/\/portalcatolico.net\/portal\/wp-content\/uploads\/2018\/09\/41390551_928625640681779_8957213424622764032_n-768x512.jpg 768w, http:\/\/portalcatolico.net\/portal\/wp-content\/uploads\/2018\/09\/41390551_928625640681779_8957213424622764032_n.jpg 960w\" sizes=\"auto, (max-width: 740px) 100vw, 740px\" \/><br \/>\n\u00c9 uma responsabilidade muito grande ser ministro extraordin\u00e1rio da&nbsp;Sagrada Comunh\u00e3o. Antes de assumirem as suas fun\u00e7\u00f5es, os rec\u00e9m&nbsp; investidos,&nbsp; receberam uma&nbsp;forma\u00e7\u00e3o lit\u00fargica e doutrinal para que possam exercer a sua fun\u00e7\u00e3o com&nbsp;a m\u00e1xima dignidade e decoro.<\/p>\n<p style=\"font-weight: 400;\">Miss\u00e3o do Minist\u00e9rio Eucar\u00edstico:&nbsp;<br \/>\n1\u00ba Levar Jesus aos enfermos; 2\u00ba Dar Jesus em comunh\u00e3o. Dar a comunh\u00e3o \u00e9 dar Jesus aos que querem&nbsp;<br \/>\nreceb\u00ea-lo, \u00e9 provocar encontro entre Jesus e o comungante, 3\u00ba Celebrar a palavra ou o culto dominical, na aus\u00eancia do padre ou&nbsp;di\u00e1cono, 4\u00ba Promover a Adora\u00e7\u00e3o a Jesus na Eucaristia nas pastorais ou&nbsp;<br \/>\nmovimentos, na aus\u00eancia do padre ou di\u00e1cono,5\u00ba Cuidar das coisas ligadas a Jesus Eucar\u00edstico.<\/p>\n<p style=\"font-weight: 400;\">Os ministros da Comunh\u00e3o Eucar\u00edstica devem colocar seu minist\u00e9rio acima&nbsp;de tudo, isto implica disponibilidade e presteza. Deve saber que ao&nbsp;transportar a Eucaristia para as pessoas enfermas deve lembrar que neste&nbsp;momento ele se transforma em um sacr\u00e1rio vivo. Por isso dever\u00e1 faz\u00ea-lo&nbsp;<br \/>\nrespeitosamente e durante o trajeto procurar fazer ora\u00e7\u00f5es e estar&nbsp;sempre em adora\u00e7\u00e3o.<\/p>\n<p style=\"font-weight: 400;\">Que Deus aben\u00e7oe o minist\u00e9rio dos ministros da Sagrada Comunh\u00e3o,&nbsp;que com muito amor zelam pelo que h\u00e1 de mais sagrado dentro da&nbsp;Igreja: o corpo e sangue de Nosso Senhor Jesus Cristo!<\/p>\n","protected":false},"excerpt":{"rendered":"<p>Na noite desse domingo, 9 de setembro, a comunidade&nbsp; cat\u00f3lica&nbsp; da&nbsp; Par\u00f3quia Nossa Senhora da Piedade no bairro Maria Pinheiro em Itabuna (BA), celebrou a 4\u00aa&nbsp;noite do noven\u00e1rio em prepara\u00e7\u00e3o para festa da santa que leva o nome da igreja. A Santa Missa foi presidida pelos Frades Servitanos,&nbsp; Pe.&nbsp;Frei&nbsp; Marconi Ramos da Silva, MsS,(Vig\u00e1rio paroquial)&nbsp;<\/p>\n<p><a class=\"btn btn-style\" href=\"http:\/\/portalcatolico.net\/portal\/continua-em-itabuna-o-novenario-em-honra-a-nossa-senhora-da-piedade\/\">Continue Reading<\/a><\/p>\n","protected":false},"author":2,"featured_media":58232,"comment_status":"open","ping_status":"open","sticky":false,"template":"","format":"standard","meta":{"footnotes":""},"categories":[4],"tags":[],"class_list":["post-58231","post","type-post","status-publish","format-standard","has-post-thumbnail","hentry","category-destaques"],"_links":{"self":[{"href":"http:\/\/portalcatolico.net\/portal\/wp-json\/wp\/v2\/posts\/58231","targetHints":{"allow":["GET"]}}],"collection":[{"href":"http:\/\/portalcatolico.net\/portal\/wp-json\/wp\/v2\/posts"}],"about":[{"href":"http:\/\/portalcatolico.net\/portal\/wp-json\/wp\/v2\/types\/post"}],"author":[{"embeddable":true,"href":"http:\/\/portalcatolico.net\/portal\/wp-json\/wp\/v2\/users\/2"}],"replies":[{"embeddable":true,"href":"http:\/\/portalcatolico.net\/portal\/wp-json\/wp\/v2\/comments?post=58231"}],"version-history":[{"count":2,"href":"http:\/\/portalcatolico.net\/portal\/wp-json\/wp\/v2\/posts\/58231\/revisions"}],"predecessor-version":[{"id":58235,"href":"http:\/\/portalcatolico.net\/portal\/wp-json\/wp\/v2\/posts\/58231\/revisions\/58235"}],"wp:featuredmedia":[{"embeddable":true,"href":"http:\/\/portalcatolico.net\/portal\/wp-json\/wp\/v2\/media\/58232"}],"wp:attachment":[{"href":"http:\/\/portalcatolico.net\/portal\/wp-json\/wp\/v2\/media?parent=58231"}],"wp:term":[{"taxonomy":"category","embeddable":true,"href":"http:\/\/portalcatolico.net\/portal\/wp-json\/wp\/v2\/categories?post=58231"},{"taxonomy":"post_tag","embeddable":true,"href":"http:\/\/portalcatolico.net\/portal\/wp-json\/wp\/v2\/tags?post=58231"}],"curies":[{"name":"wp","href":"https:\/\/api.w.org\/{rel}","templated":true}]}}