{"id":58221,"date":"2018-09-10T12:40:37","date_gmt":"2018-09-10T15:40:37","guid":{"rendered":"http:\/\/portalcatolico.net\/portal\/?p=58221"},"modified":"2018-09-10T12:46:07","modified_gmt":"2018-09-10T15:46:07","slug":"vii-congresso-da-pastoral-familiar-do-regional-nordeste-3-reune-mais-de-mil-pessoas-em-porto-seguro","status":"publish","type":"post","link":"http:\/\/portalcatolico.net\/portal\/vii-congresso-da-pastoral-familiar-do-regional-nordeste-3-reune-mais-de-mil-pessoas-em-porto-seguro\/","title":{"rendered":"VII Congresso da Pastoral Familiar do Regional Nordeste 3 re\u00fane mais de mil pessoas em Porto Seguro"},"content":{"rendered":"<p style=\"font-weight: 400;\">Com o tema: &#8220;Fam\u00edlia, Alegria do Amor&#8221; e o lema: &#8220;Amor que se manifesta e&nbsp;<br \/>\ncresce&#8221; foi realizado em Porto Seguro (BA), entre os dias 07,08 e 09 de setembro, o VII Congresso da Pastoral&nbsp;Familiar do Regional Nordeste 3 da CNBB que reuniu&nbsp; mais de mil pessoas,&nbsp;fam\u00edlias das Arquidioceses da Bahia e Sergipe na Costa do&nbsp;Descobrimento.<\/p>\n<p style=\"font-weight: 400;\">Dom Tourinho, bispo da Diocese de Cruz das Almas, foi um&nbsp; dos pregadores do encontro que aconteceu no audit\u00f3rio da UFSB.<img loading=\"lazy\" decoding=\"async\" class=\"size-medium wp-image-58223 alignleft\" src=\"http:\/\/portalcatolico.net\/portal\/wp-content\/uploads\/2018\/09\/04ee4f5f-d145-4b44-abbc-b490c3ad93a6-300x225.jpg\" alt=\"\" width=\"300\" height=\"225\" srcset=\"http:\/\/portalcatolico.net\/portal\/wp-content\/uploads\/2018\/09\/04ee4f5f-d145-4b44-abbc-b490c3ad93a6-300x225.jpg 300w, http:\/\/portalcatolico.net\/portal\/wp-content\/uploads\/2018\/09\/04ee4f5f-d145-4b44-abbc-b490c3ad93a6-768x576.jpg 768w, http:\/\/portalcatolico.net\/portal\/wp-content\/uploads\/2018\/09\/04ee4f5f-d145-4b44-abbc-b490c3ad93a6-1024x768.jpg 1024w, http:\/\/portalcatolico.net\/portal\/wp-content\/uploads\/2018\/09\/04ee4f5f-d145-4b44-abbc-b490c3ad93a6.jpg 1280w\" sizes=\"auto, (max-width: 300px) 100vw, 300px\" \/><\/p>\n<p style=\"font-weight: 400;\">Todas as Dioceses da Igreja&nbsp;Cat\u00f3lica do Estado da Bahia e Sergipe participaram deste evento que resgata a&nbsp;import\u00e2ncia da fam\u00edlia na vida do ser humano e os valores que andam&nbsp;esquecidos nos tempos de hoje.<\/p>\n<p style=\"font-weight: 400;\">O evento contou com uma equipe m\u00e9dica em&nbsp;tempo integral, para caso alguns dos congressistas precisassem de algum&nbsp;atendimento m\u00e9dico.<\/p>\n<p style=\"font-weight: 400;\">A Diocese de Itabuna contou 25 participantes al\u00e9m de padres, di\u00e1conos&nbsp;e&nbsp;da presen\u00e7a do bispo diocesano, Dom Carlos Alberto dos Santos.<\/p>\n<p style=\"font-weight: 400;\">As fotos do evento foram enviadas pelos internautas do Portal Cat\u00f3lico&nbsp;de Not\u00edcias. Por isso, vale ressaltar, que voc\u00ea tamb\u00e9m pode contribuir com a nossa reportagem e enviar&nbsp;fotos e textos para serem publicados em nosso site, um dos portais de not\u00edcias cat\u00f3licas mais acessados do interior da Bahia.<\/p>\n<p>Texto:Reda\u00e7\u00e3o\/Portal Cat\u00f3lico.Net<\/p>\n<p><img loading=\"lazy\" decoding=\"async\" class=\"alignnone size-medium wp-image-58224\" src=\"http:\/\/portalcatolico.net\/portal\/wp-content\/uploads\/2018\/09\/e84773b6-fb5d-4719-9b84-c3dc75edac27-300x225.jpg\" alt=\"\" width=\"300\" height=\"225\" srcset=\"http:\/\/portalcatolico.net\/portal\/wp-content\/uploads\/2018\/09\/e84773b6-fb5d-4719-9b84-c3dc75edac27-300x225.jpg 300w, http:\/\/portalcatolico.net\/portal\/wp-content\/uploads\/2018\/09\/e84773b6-fb5d-4719-9b84-c3dc75edac27-768x576.jpg 768w, http:\/\/portalcatolico.net\/portal\/wp-content\/uploads\/2018\/09\/e84773b6-fb5d-4719-9b84-c3dc75edac27-1024x768.jpg 1024w, http:\/\/portalcatolico.net\/portal\/wp-content\/uploads\/2018\/09\/e84773b6-fb5d-4719-9b84-c3dc75edac27.jpg 1040w\" sizes=\"auto, (max-width: 300px) 100vw, 300px\" \/><img loading=\"lazy\" decoding=\"async\" class=\"alignnone size-medium wp-image-58225\" src=\"http:\/\/portalcatolico.net\/portal\/wp-content\/uploads\/2018\/09\/44936bb1-7ed0-427f-b6dd-487edf851a72-300x225.jpg\" alt=\"\" width=\"300\" height=\"225\" srcset=\"http:\/\/portalcatolico.net\/portal\/wp-content\/uploads\/2018\/09\/44936bb1-7ed0-427f-b6dd-487edf851a72-300x225.jpg 300w, http:\/\/portalcatolico.net\/portal\/wp-content\/uploads\/2018\/09\/44936bb1-7ed0-427f-b6dd-487edf851a72-768x576.jpg 768w, http:\/\/portalcatolico.net\/portal\/wp-content\/uploads\/2018\/09\/44936bb1-7ed0-427f-b6dd-487edf851a72-1024x768.jpg 1024w, http:\/\/portalcatolico.net\/portal\/wp-content\/uploads\/2018\/09\/44936bb1-7ed0-427f-b6dd-487edf851a72.jpg 1040w\" sizes=\"auto, (max-width: 300px) 100vw, 300px\" \/><img loading=\"lazy\" decoding=\"async\" class=\"alignnone size-medium wp-image-58228\" src=\"http:\/\/portalcatolico.net\/portal\/wp-content\/uploads\/2018\/09\/41616363_1495813280521868_1179601579456593920_n-300x225.jpg\" alt=\"\" width=\"300\" height=\"225\" srcset=\"http:\/\/portalcatolico.net\/portal\/wp-content\/uploads\/2018\/09\/41616363_1495813280521868_1179601579456593920_n-300x225.jpg 300w, http:\/\/portalcatolico.net\/portal\/wp-content\/uploads\/2018\/09\/41616363_1495813280521868_1179601579456593920_n-768x576.jpg 768w, http:\/\/portalcatolico.net\/portal\/wp-content\/uploads\/2018\/09\/41616363_1495813280521868_1179601579456593920_n.jpg 960w\" sizes=\"auto, (max-width: 300px) 100vw, 300px\" \/> <img loading=\"lazy\" decoding=\"async\" class=\"alignnone size-medium wp-image-58229\" src=\"http:\/\/portalcatolico.net\/portal\/wp-content\/uploads\/2018\/09\/41466085_1495812503855279_8320268902747602944_n-300x225.jpg\" alt=\"\" width=\"300\" height=\"225\" srcset=\"http:\/\/portalcatolico.net\/portal\/wp-content\/uploads\/2018\/09\/41466085_1495812503855279_8320268902747602944_n-300x225.jpg 300w, http:\/\/portalcatolico.net\/portal\/wp-content\/uploads\/2018\/09\/41466085_1495812503855279_8320268902747602944_n-768x576.jpg 768w, http:\/\/portalcatolico.net\/portal\/wp-content\/uploads\/2018\/09\/41466085_1495812503855279_8320268902747602944_n.jpg 960w\" sizes=\"auto, (max-width: 300px) 100vw, 300px\" \/><\/p>\n","protected":false},"excerpt":{"rendered":"<p>Com o tema: &#8220;Fam\u00edlia, Alegria do Amor&#8221; e o lema: &#8220;Amor que se manifesta e&nbsp; cresce&#8221; foi realizado em Porto Seguro (BA), entre os dias 07,08 e 09 de setembro, o VII Congresso da Pastoral&nbsp;Familiar do Regional Nordeste 3 da CNBB que reuniu&nbsp; mais de mil pessoas,&nbsp;fam\u00edlias das Arquidioceses da Bahia e Sergipe na Costa&nbsp;<\/p>\n<p><a class=\"btn btn-style\" href=\"http:\/\/portalcatolico.net\/portal\/vii-congresso-da-pastoral-familiar-do-regional-nordeste-3-reune-mais-de-mil-pessoas-em-porto-seguro\/\">Continue Reading<\/a><\/p>\n","protected":false},"author":2,"featured_media":58222,"comment_status":"open","ping_status":"open","sticky":false,"template":"","format":"standard","meta":{"footnotes":""},"categories":[4],"tags":[],"class_list":["post-58221","post","type-post","status-publish","format-standard","has-post-thumbnail","hentry","category-destaques"],"_links":{"self":[{"href":"http:\/\/portalcatolico.net\/portal\/wp-json\/wp\/v2\/posts\/58221","targetHints":{"allow":["GET"]}}],"collection":[{"href":"http:\/\/portalcatolico.net\/portal\/wp-json\/wp\/v2\/posts"}],"about":[{"href":"http:\/\/portalcatolico.net\/portal\/wp-json\/wp\/v2\/types\/post"}],"author":[{"embeddable":true,"href":"http:\/\/portalcatolico.net\/portal\/wp-json\/wp\/v2\/users\/2"}],"replies":[{"embeddable":true,"href":"http:\/\/portalcatolico.net\/portal\/wp-json\/wp\/v2\/comments?post=58221"}],"version-history":[{"count":3,"href":"http:\/\/portalcatolico.net\/portal\/wp-json\/wp\/v2\/posts\/58221\/revisions"}],"predecessor-version":[{"id":58230,"href":"http:\/\/portalcatolico.net\/portal\/wp-json\/wp\/v2\/posts\/58221\/revisions\/58230"}],"wp:featuredmedia":[{"embeddable":true,"href":"http:\/\/portalcatolico.net\/portal\/wp-json\/wp\/v2\/media\/58222"}],"wp:attachment":[{"href":"http:\/\/portalcatolico.net\/portal\/wp-json\/wp\/v2\/media?parent=58221"}],"wp:term":[{"taxonomy":"category","embeddable":true,"href":"http:\/\/portalcatolico.net\/portal\/wp-json\/wp\/v2\/categories?post=58221"},{"taxonomy":"post_tag","embeddable":true,"href":"http:\/\/portalcatolico.net\/portal\/wp-json\/wp\/v2\/tags?post=58221"}],"curies":[{"name":"wp","href":"https:\/\/api.w.org\/{rel}","templated":true}]}}