{"id":58215,"date":"2018-09-10T06:05:00","date_gmt":"2018-09-10T09:05:00","guid":{"rendered":"http:\/\/portalcatolico.net\/portal\/?p=58215"},"modified":"2018-09-10T06:15:31","modified_gmt":"2018-09-10T09:15:31","slug":"convite-conheca-o-movimento-das-maes-que-oram-e-participe-da-missa-de-envio","status":"publish","type":"post","link":"http:\/\/portalcatolico.net\/portal\/convite-conheca-o-movimento-das-maes-que-oram-e-participe-da-missa-de-envio\/","title":{"rendered":"Convite: conhe\u00e7a o Movimento das m\u00e3es que oram e participe da Missa de envio"},"content":{"rendered":"<div dir=\"auto\"><i>O Movimento das m\u00e3es que oram pelos filhos tem a honra de convidar voc\u00ea e todas as fam\u00edlias, entre &nbsp;outras pastorais, movimentos&nbsp; de Itabuna e de cidades circunvizinhas, para participar da missa de envio e implanta\u00e7\u00e3o do respectivo movimento que vai acontecer no dia 19 de setembro, \u00e0s 18h, na Catedral Diocesana e Par\u00f3quia de S\u00e3o Jos\u00e9, no cento da cidade, com a presid\u00eancia do bispo Diocesano da Diocese de Itabuna, Dom Carlos Alberto dos Santos.<\/i><\/div>\n<div dir=\"auto\">Vale ressaltar que o d<i>ia 19 de setembro \u00e9 dedicado \u00e0&nbsp;padroeira do Movimento, Nossa Senhora La&nbsp;<\/i><i>Salette<\/i>.<\/div>\n<div dir=\"auto\">\n<p><i>Este Movimento das m\u00e3es que oram pelos filhos tem atra\u00eddo centenas de irm\u00e3os para evangelizar em quase todas as dioceses e arquidioceses dos estados brasileiros, al\u00e9m do exterior.&nbsp;<\/i><\/p>\n<\/div>\n<div dir=\"auto\">\n<p><i>Acesse o site e confira.<\/i>&nbsp;<a href=\"http:\/\/www.maesqueorampelosfilhos.com\/\" target=\"_blank\" rel=\"noopener noreferrer\">http:\/\/www.maesqueorampelosfilhos.com\/<\/a><i>&nbsp;<\/i><\/p>\n<\/div>\n<div dir=\"auto\">\n<p>Confira o&nbsp;<i>CONVITE na \u00edntegra:<\/i><\/p>\n<\/div>\n<div dir=\"auto\"><i>Convite de Luciana Messias, membro do&nbsp; Movimento na Diocese de Itabuna, no Sul da Bahia.<\/i><\/div>\n<div dir=\"auto\"><i>Voc\u00eas, mulheres de f\u00e9 e m\u00e3es est\u00e3o sendo convidadas a participarem &nbsp;conosco deste momento&nbsp; de intercess\u00e3o pelos nossos filhos e com simplicidade sermos levadas ao amadurecimento da f\u00e9 cultivando o dom da ora\u00e7\u00e3o e da pr\u00e1tica da palavra de Deus, da solidariedade&nbsp; e da vida crist\u00e3. Venha fazer parte e conhecer este movimento.<\/i><\/div>\n<div dir=\"auto\"><i>Quem tiver interesse, em fazer parte deste movimento na Diocese de Itabuna, entre em contato com a coordenadora do movimento das m\u00e3es que oram pelos filhos, com Luciana Messias, pelo&nbsp; WhatsApp (73) 9 8822-8845 e obtenha mais informa\u00e7\u00f5es.&nbsp;<\/i><\/div>\n<div dir=\"auto\">&nbsp;<\/div>\n<div dir=\"auto\">Edi\u00e7\u00e3o de texto:Portal Cat\u00f3lico.Net<\/div>\n","protected":false},"excerpt":{"rendered":"<p>O Movimento das m\u00e3es que oram pelos filhos tem a honra de convidar voc\u00ea e todas as fam\u00edlias, entre &nbsp;outras pastorais, movimentos&nbsp; de Itabuna e de cidades circunvizinhas, para participar da missa de envio e implanta\u00e7\u00e3o do respectivo movimento que vai acontecer no dia 19 de setembro, \u00e0s 18h, na Catedral Diocesana e Par\u00f3quia de&nbsp;<\/p>\n<p><a class=\"btn btn-style\" href=\"http:\/\/portalcatolico.net\/portal\/convite-conheca-o-movimento-das-maes-que-oram-e-participe-da-missa-de-envio\/\">Continue Reading<\/a><\/p>\n","protected":false},"author":2,"featured_media":58216,"comment_status":"open","ping_status":"open","sticky":false,"template":"","format":"standard","meta":{"footnotes":""},"categories":[1],"tags":[],"class_list":["post-58215","post","type-post","status-publish","format-standard","has-post-thumbnail","hentry","category-agenda"],"_links":{"self":[{"href":"http:\/\/portalcatolico.net\/portal\/wp-json\/wp\/v2\/posts\/58215","targetHints":{"allow":["GET"]}}],"collection":[{"href":"http:\/\/portalcatolico.net\/portal\/wp-json\/wp\/v2\/posts"}],"about":[{"href":"http:\/\/portalcatolico.net\/portal\/wp-json\/wp\/v2\/types\/post"}],"author":[{"embeddable":true,"href":"http:\/\/portalcatolico.net\/portal\/wp-json\/wp\/v2\/users\/2"}],"replies":[{"embeddable":true,"href":"http:\/\/portalcatolico.net\/portal\/wp-json\/wp\/v2\/comments?post=58215"}],"version-history":[{"count":2,"href":"http:\/\/portalcatolico.net\/portal\/wp-json\/wp\/v2\/posts\/58215\/revisions"}],"predecessor-version":[{"id":58218,"href":"http:\/\/portalcatolico.net\/portal\/wp-json\/wp\/v2\/posts\/58215\/revisions\/58218"}],"wp:featuredmedia":[{"embeddable":true,"href":"http:\/\/portalcatolico.net\/portal\/wp-json\/wp\/v2\/media\/58216"}],"wp:attachment":[{"href":"http:\/\/portalcatolico.net\/portal\/wp-json\/wp\/v2\/media?parent=58215"}],"wp:term":[{"taxonomy":"category","embeddable":true,"href":"http:\/\/portalcatolico.net\/portal\/wp-json\/wp\/v2\/categories?post=58215"},{"taxonomy":"post_tag","embeddable":true,"href":"http:\/\/portalcatolico.net\/portal\/wp-json\/wp\/v2\/tags?post=58215"}],"curies":[{"name":"wp","href":"https:\/\/api.w.org\/{rel}","templated":true}]}}