{"id":58211,"date":"2018-09-09T22:08:48","date_gmt":"2018-09-10T01:08:48","guid":{"rendered":"http:\/\/portalcatolico.net\/portal\/?p=58211"},"modified":"2018-09-10T00:10:44","modified_gmt":"2018-09-10T03:10:44","slug":"procissao-da-padroeira-da-terra-mater-do-brasil-leva-centenas-de-fieis-as-ruas-da-cidade","status":"publish","type":"post","link":"http:\/\/portalcatolico.net\/portal\/procissao-da-padroeira-da-terra-mater-do-brasil-leva-centenas-de-fieis-as-ruas-da-cidade\/","title":{"rendered":"Prociss\u00e3o da Padroeira da Terra Mater do Brasil leva centenas de fi\u00e9is \u00e0s ruas da cidade"},"content":{"rendered":"<p>Finalizando o noven\u00e1rio a Nossa Senhora da Pena, a festa que tem mais de 300 anos, uma das mais antigas do Brasil, a prociss\u00e3o contou com n\u00famero expressivo de fi\u00e9is ao som de um singelo trio el\u00e9trico, com o coral da par\u00f3quia e a imagem da Nossa Senhora da Pena sendo conduzida por fi\u00e9is com toda honra, pelas principais ruas de Porto Seguro, por onde a prociss\u00e3o passava notava-se muito louvor e alegria. Tradicionalmente os moradores decoram as casas,surpreendendo aos fi\u00e9is e turistas que passavam. Ao final a B\u00ean\u00e7\u00e3o Solene do Sant\u00edssimo Sacramento que emocionou os devotos da Igreja Cat\u00f3lica.<\/p>\n<p><img loading=\"lazy\" decoding=\"async\" class=\" wp-image-4706 aligncenter\" src=\"https:\/\/jojonoticias.com.br\/wp-content\/uploads\/2018\/09\/C7F4DA44-3682-43CF-A9C1-F7BC002FBD7A.jpeg\" sizes=\"auto, (max-width: 1336px) 100vw, 1336px\" srcset=\"https:\/\/jojonoticias.com.br\/wp-content\/uploads\/2018\/09\/C7F4DA44-3682-43CF-A9C1-F7BC002FBD7A.jpeg 1336w, https:\/\/jojonoticias.com.br\/wp-content\/uploads\/2018\/09\/C7F4DA44-3682-43CF-A9C1-F7BC002FBD7A-300x200.jpeg 300w, https:\/\/jojonoticias.com.br\/wp-content\/uploads\/2018\/09\/C7F4DA44-3682-43CF-A9C1-F7BC002FBD7A-768x511.jpeg 768w, https:\/\/jojonoticias.com.br\/wp-content\/uploads\/2018\/09\/C7F4DA44-3682-43CF-A9C1-F7BC002FBD7A-1024x682.jpeg 1024w, https:\/\/jojonoticias.com.br\/wp-content\/uploads\/2018\/09\/C7F4DA44-3682-43CF-A9C1-F7BC002FBD7A-450x300.jpeg 450w\" alt=\"\" width=\"662\" height=\"441\" data-=\"\"><\/p>\n<p>Em entrevista ao Padre Crist\u00f3v\u00e3o ele nos revela &nbsp;\u201c Estou muito feliz , o povo de Porto Seguro \u00e9 muito fiel e am\u00e1vel,o resultado foi satisfat\u00f3rio, foram meses organizando para que tudo sa\u00edsse perfeito, e saiu. Isso me deixa mais respons\u00e1vel para cuidar desse povo que tem sede de f\u00e9\u201d.<\/p>\n<p><img loading=\"lazy\" decoding=\"async\" class=\" wp-image-4707 aligncenter\" src=\"https:\/\/jojonoticias.com.br\/wp-content\/uploads\/2018\/09\/8EB20EF2-3C4E-4A39-A26C-DA7A834A87DD-750x430.jpeg\" alt=\"\" width=\"688\" height=\"395\" data-=\"\"><\/p>\n<p>Moradores surpreenderam com a decora\u00e7\u00e3o nas ruas, abrilhantando ainda mais a prociss\u00e3o.<\/p>\n<p><img loading=\"lazy\" decoding=\"async\" class=\"alignnone  wp-image-4714\" src=\"https:\/\/jojonoticias.com.br\/wp-content\/uploads\/2018\/09\/4C4129B1-4C28-4545-AF23-4880DE976505-750x430.jpeg\" alt=\"\" width=\"722\" height=\"414\" data-=\"\"><img loading=\"lazy\" decoding=\"async\" class=\"alignnone size-publisher-lg wp-image-4715\" src=\"https:\/\/jojonoticias.com.br\/wp-content\/uploads\/2018\/09\/8753376B-A5AC-4C3E-B6DD-B9BDD48C5717-750x430.jpeg\" alt=\"\" width=\"750\" height=\"430\" data-=\"\"><\/p>\n<p>&nbsp;<\/p>\n<div id=\"jp-relatedposts\" class=\"jp-relatedposts\">\n<div class=\"jp-relatedposts-items jp-relatedposts-items-visual jp-relatedposts-grid \">\n<div class=\"jp-relatedposts-post jp-relatedposts-post0 jp-relatedposts-post-thumbs\" data-post-id=\"4622\" data-post-format=\"false\">\n<p class=\"jp-relatedposts-post-date\">Por Luciana Bittencourt Ramos<\/p>\n<p class=\"jp-relatedposts-post-date\">Fonte:jojonoticias<\/p>\n<\/div>\n<\/div>\n<\/div>\n<h2 class=\"author-title\">&nbsp;<\/h2>\n","protected":false},"excerpt":{"rendered":"<p>Finalizando o noven\u00e1rio a Nossa Senhora da Pena, a festa que tem mais de 300 anos, uma das mais antigas do Brasil, a prociss\u00e3o contou com n\u00famero expressivo de fi\u00e9is ao som de um singelo trio el\u00e9trico, com o coral da par\u00f3quia e a imagem da Nossa Senhora da Pena sendo conduzida por fi\u00e9is com&nbsp;<\/p>\n<p><a class=\"btn btn-style\" href=\"http:\/\/portalcatolico.net\/portal\/procissao-da-padroeira-da-terra-mater-do-brasil-leva-centenas-de-fieis-as-ruas-da-cidade\/\">Continue Reading<\/a><\/p>\n","protected":false},"author":2,"featured_media":58212,"comment_status":"open","ping_status":"open","sticky":false,"template":"","format":"standard","meta":{"footnotes":""},"categories":[65],"tags":[],"class_list":["post-58211","post","type-post","status-publish","format-standard","has-post-thumbnail","hentry","category-entrevistas"],"_links":{"self":[{"href":"http:\/\/portalcatolico.net\/portal\/wp-json\/wp\/v2\/posts\/58211","targetHints":{"allow":["GET"]}}],"collection":[{"href":"http:\/\/portalcatolico.net\/portal\/wp-json\/wp\/v2\/posts"}],"about":[{"href":"http:\/\/portalcatolico.net\/portal\/wp-json\/wp\/v2\/types\/post"}],"author":[{"embeddable":true,"href":"http:\/\/portalcatolico.net\/portal\/wp-json\/wp\/v2\/users\/2"}],"replies":[{"embeddable":true,"href":"http:\/\/portalcatolico.net\/portal\/wp-json\/wp\/v2\/comments?post=58211"}],"version-history":[{"count":2,"href":"http:\/\/portalcatolico.net\/portal\/wp-json\/wp\/v2\/posts\/58211\/revisions"}],"predecessor-version":[{"id":58214,"href":"http:\/\/portalcatolico.net\/portal\/wp-json\/wp\/v2\/posts\/58211\/revisions\/58214"}],"wp:featuredmedia":[{"embeddable":true,"href":"http:\/\/portalcatolico.net\/portal\/wp-json\/wp\/v2\/media\/58212"}],"wp:attachment":[{"href":"http:\/\/portalcatolico.net\/portal\/wp-json\/wp\/v2\/media?parent=58211"}],"wp:term":[{"taxonomy":"category","embeddable":true,"href":"http:\/\/portalcatolico.net\/portal\/wp-json\/wp\/v2\/categories?post=58211"},{"taxonomy":"post_tag","embeddable":true,"href":"http:\/\/portalcatolico.net\/portal\/wp-json\/wp\/v2\/tags?post=58211"}],"curies":[{"name":"wp","href":"https:\/\/api.w.org\/{rel}","templated":true}]}}