{"id":58207,"date":"2018-09-09T09:59:44","date_gmt":"2018-09-09T12:59:44","guid":{"rendered":"http:\/\/portalcatolico.net\/portal\/?p=58207"},"modified":"2018-09-09T10:03:24","modified_gmt":"2018-09-09T13:03:24","slug":"papa-o-bispo-e-homem-de-oracao-do-anuncio-e-homem-de-comunhao","status":"publish","type":"post","link":"http:\/\/portalcatolico.net\/portal\/papa-o-bispo-e-homem-de-oracao-do-anuncio-e-homem-de-comunhao\/","title":{"rendered":"Papa: o bispo \u00e9 homem de ora\u00e7\u00e3o, do an\u00fancio e homem de comunh\u00e3o"},"content":{"rendered":"<div class=\"article__subTitle\">\u201cN\u00e3o se anuncia o Evangelho estando sentado, mas pondo-se em caminho. O bispo n\u00e3o vive em escrit\u00f3rio, como um administrador empresarial, mas no meio do povo, pelas estradas do mundo, como Jesus. Leva o seu Senhor onde n\u00e3o \u00e9 conhecido, onde \u00e9 desfigurado e perseguido\u201d, disse o Papa Francisco.<\/div>\n<div class=\"article__subTitle\">N\u00e3o sejam carreiristas, nem ambiciosos: apascentem o rebanho de Deus \u201cn\u00e3o como patr\u00f5es das pessoas a voc\u00eas confiadas, mas fazendo-se modelos do rebanho\u201d. Foi a exorta\u00e7\u00e3o do Papa Francisco no discurso este s\u00e1bado (08\/09) na Sala Clementina, no Vaticano, aos bispos dos territ\u00f3rios de miss\u00e3o participantes do Semin\u00e1rio promovido pela Congrega\u00e7\u00e3o para a Evangeliza\u00e7\u00e3o dos Povos, iniciado na segunda-feira, 3 de setembro, que prosseguir\u00e1 at\u00e9 o dia pr\u00f3ximo 15, no Pontif\u00edcio Col\u00e9gio S\u00e3o Paulo, em Roma, do qual participam 74 bispos de 34 na\u00e7\u00f5es de quatro continentes: 17 na\u00e7\u00f5es da \u00c1frica, 8 da \u00c1sia, 6 da Oceania e 3 da Am\u00e9rica Latina.<\/div>\n<div>&nbsp;<\/div>\n<div><strong>Identidade e miss\u00e3o do bispo<\/strong><\/div>\n<div>\n<p>O discurso do Pont\u00edfice foi todo ele dedicado \u00e0 identidade e miss\u00e3o do bispo. \u201cInterrogamo-nos sobre a nossa identidade de pastores para ter mais consci\u00eancia desta, mesmo sabendo que n\u00e3o existe um modelo-padr\u00e3o id\u00eantico em todos os lugares\u201d, disse inicialmente o Santo Padre acrescentando que \u201cgra\u00e7as \u00e0 efus\u00e3o do Esp\u00edrito Santo, o bispo \u00e9 configurado a Cristo Pastor e Sacerdote. \u00c9 chamado a ter os lineamentos do Bom Pastor e a tomar para si o cora\u00e7\u00e3o do sacerd\u00f3cio, ou seja, a oferta da vida\u201d.<\/p>\n<p><strong>Propenso a dar a vida pelas ovelhas<\/strong><\/p>\n<p>Portanto, disse, o pastor \u201cn\u00e3o vive para si, mas est\u00e1 voltado a dar a vida pelas ovelhas, em particular, as mais vulner\u00e1veis e em perigo.\u201d \u201cPe\u00e7o-lhes que tenham especialmente gestos e palavras de conforto por aqueles que experimentam marginalidade e degrada\u00e7\u00e3o; mais do que os outros, estes precisam perceber a predile\u00e7\u00e3o do Senhor, de quem voc\u00eas s\u00e3o as m\u00e3os sol\u00edcitas\u201d.<\/p>\n<p>\u201cQuem \u00e9 o bispo? Gostaria de expor com voc\u00eas tr\u00eas tra\u00e7os essenciais: \u00e9 homem de ora\u00e7\u00e3o, homem do an\u00fancio e homem de comunh\u00e3o\u201d, continuou Francisco.<\/p>\n<p><i>\u201cHomem de ora\u00e7\u00e3o. O bispo \u00e9 sucessor dos Ap\u00f3stolos e, como os Ap\u00f3stolos, \u00e9 chamado por Jesus a estar com Ele. Ali encontra a sua for\u00e7a e a sua confian\u00e7a. Diante do tabern\u00e1culo aprende a entregar-se e a confiar no Senhor. Assim amadurece n\u2019ele a consci\u00eancia de que tamb\u00e9m de noite, quando dorme, em meio ao cansa\u00e7o e suor no campo que cultiva, a semente amadurece.\u201d<\/i><\/p>\n<div>\n<div class=\"article__embed article__embed--border embed_style\">\n<blockquote><p>\u201c\u00c9 f\u00e1cil levar uma cruz no peito, mas o Senhor nos pede para levar uma cruz muito mais pesada nas costas e no cora\u00e7\u00e3o: pede-nos para partilhar a sua cruz.\u201d<\/p><\/blockquote>\n<\/div>\n<\/div>\n<p><i>\u201cHomem do an\u00fancio. Sucessor dos Ap\u00f3stolos, o bispo recebe como pr\u00f3prio o mandato que Jesus deu a eles: \u2018Ide e anunciai o Evangelho\u2019. \u2018Ide\u2019: o Evangelho n\u00e3o se anuncia estando sentado, mas pondo-se em caminho. O bispo n\u00e3o vive em escrit\u00f3rio, como um administrador empresarial, mas no meio do povo, pelas estradas do mundo, como Jesus. Leva o seu Senhor onde n\u00e3o \u00e9 conhecido, onde \u00e9 desfigurado e perseguido.\u201d<\/i><\/p>\n<p><strong>O risco de ser mais atores do que testemunhas<\/strong><\/p>\n<p>Qual \u00e9 o estilo do an\u00fancio? \u2013 perguntou-se Francisco. \u201cTestemunhar com humildade o amor de Deus, justamente como fez Jesus, que por amor se humilhou. O an\u00fancio do Evangelho sofre as tenta\u00e7\u00f5es do poder, da satisfa\u00e7\u00e3o, do retorno de imagem, do mundanismo. H\u00e1 sempre o risco de cuidar mais da forma do que da subst\u00e2ncia, de transformar-se mais em atores do que em testemunhas, de atenuar a Palavra de salva\u00e7\u00e3o propondo um Evangelho sem Jesus crucificado e ressuscitado.\u201d<\/p>\n<p><strong>Fugir da busca de gl\u00f3rias para si<\/strong><\/p>\n<p><i>\u201cHomem de comunh\u00e3o. O bispo n\u00e3o pode ter todos os dons, o conjunto dos carismas, mas \u00e9 chamado a ter o carisma do conjunto, ou seja, a manter unidos, a cimentar a comunh\u00e3o. A Igreja precisa de uni\u00e3o, n\u00e3o de solistas fora do coro ou de condutores de batalhas pessoais. O Pastor re\u00fane: bispo para seus fi\u00e9is, \u00e9 crist\u00e3o com seus fi\u00e9is. N\u00e3o faz not\u00edcia nos jornais, n\u00e3o busca o consenso do mundo, n\u00e3o tem interesse em tutelar o seu bom nome, mas ama tecer a comunh\u00e3o envolvendo-se em primeira pessoa e agindo com mansuetude. N\u00e3o sofre de falta de protagonismo, mas vive radicado no territ\u00f3rio, rejeitando a tenta\u00e7\u00e3o de ausentar-se frequentemente da Diocese e foge da busca de gl\u00f3rias para si.\u201d<\/i><\/p>\n<p><strong>Fugir do clericalismo<\/strong><\/p>\n<p>Por fim, o Papa exortou os bispos a fugirem do clericalismo, \u201cmuito comum em numerosas comunidades nas quais se verificaram comportamentos de abuso sexual, de poder e de consci\u00eancia\u201d, frisou. Pediu que os bispos tenham a peito particularmente algumas realidades: as fam\u00edlias, os semin\u00e1rios, os jovens e os pobres.<\/p>\n<\/div>\n<div><b>Por Raimundo de Lima<\/b><\/div>\n<div>&nbsp;<\/div>\n<div>Fonte: Vatican News<\/div>\n<div>&nbsp;<\/div>\n","protected":false},"excerpt":{"rendered":"<p>\u201cN\u00e3o se anuncia o Evangelho estando sentado, mas pondo-se em caminho. O bispo n\u00e3o vive em escrit\u00f3rio, como um administrador empresarial, mas no meio do povo, pelas estradas do mundo, como Jesus. Leva o seu Senhor onde n\u00e3o \u00e9 conhecido, onde \u00e9 desfigurado e perseguido\u201d, disse o Papa Francisco. N\u00e3o sejam carreiristas, nem ambiciosos: apascentem&nbsp;<\/p>\n<p><a class=\"btn btn-style\" href=\"http:\/\/portalcatolico.net\/portal\/papa-o-bispo-e-homem-de-oracao-do-anuncio-e-homem-de-comunhao\/\">Continue Reading<\/a><\/p>\n","protected":false},"author":2,"featured_media":58208,"comment_status":"open","ping_status":"open","sticky":false,"template":"","format":"standard","meta":{"footnotes":""},"categories":[5],"tags":[],"class_list":["post-58207","post","type-post","status-publish","format-standard","has-post-thumbnail","hentry","category-igreja_no_mundo"],"_links":{"self":[{"href":"http:\/\/portalcatolico.net\/portal\/wp-json\/wp\/v2\/posts\/58207","targetHints":{"allow":["GET"]}}],"collection":[{"href":"http:\/\/portalcatolico.net\/portal\/wp-json\/wp\/v2\/posts"}],"about":[{"href":"http:\/\/portalcatolico.net\/portal\/wp-json\/wp\/v2\/types\/post"}],"author":[{"embeddable":true,"href":"http:\/\/portalcatolico.net\/portal\/wp-json\/wp\/v2\/users\/2"}],"replies":[{"embeddable":true,"href":"http:\/\/portalcatolico.net\/portal\/wp-json\/wp\/v2\/comments?post=58207"}],"version-history":[{"count":2,"href":"http:\/\/portalcatolico.net\/portal\/wp-json\/wp\/v2\/posts\/58207\/revisions"}],"predecessor-version":[{"id":58210,"href":"http:\/\/portalcatolico.net\/portal\/wp-json\/wp\/v2\/posts\/58207\/revisions\/58210"}],"wp:featuredmedia":[{"embeddable":true,"href":"http:\/\/portalcatolico.net\/portal\/wp-json\/wp\/v2\/media\/58208"}],"wp:attachment":[{"href":"http:\/\/portalcatolico.net\/portal\/wp-json\/wp\/v2\/media?parent=58207"}],"wp:term":[{"taxonomy":"category","embeddable":true,"href":"http:\/\/portalcatolico.net\/portal\/wp-json\/wp\/v2\/categories?post=58207"},{"taxonomy":"post_tag","embeddable":true,"href":"http:\/\/portalcatolico.net\/portal\/wp-json\/wp\/v2\/tags?post=58207"}],"curies":[{"name":"wp","href":"https:\/\/api.w.org\/{rel}","templated":true}]}}