{"id":58201,"date":"2018-09-08T23:11:36","date_gmt":"2018-09-09T02:11:36","guid":{"rendered":"http:\/\/portalcatolico.net\/portal\/?p=58201"},"modified":"2018-09-08T23:11:36","modified_gmt":"2018-09-09T02:11:36","slug":"missa-pelos-22-de-ordenacao-episcopal-de-dom-jose-edson-em-eunapolis","status":"publish","type":"post","link":"http:\/\/portalcatolico.net\/portal\/missa-pelos-22-de-ordenacao-episcopal-de-dom-jose-edson-em-eunapolis\/","title":{"rendered":"Missa pelos 22 de Ordena\u00e7\u00e3o Episcopal de Dom Jos\u00e9 Edson em Eun\u00e1polis"},"content":{"rendered":"<p>Na mesma celebra\u00e7\u00e3o, rendemos gra\u00e7as a Deus pelos 11 anos de vida presbiteral do Prior Geral Frei Givanildo, pelos 13 anos de Funda\u00e7\u00e3o do Instituto e pelos 22 de&nbsp;Ordena\u00e7\u00e3o Episcopal de Dom Jos\u00e9 Edson.<\/p>\n<p>Rogamos ao Senhor da Messe que suscite mais jovens abertos para abra\u00e7ar a Vida Religiosa como Ap\u00f3stolos da Acolhida Redentora.,,<a href=\"http:\/\/www.imss.com.br\/2018\/09\/08\/instituicao-do-leitorato-aos-junioristas\/\"><span style=\"color: #ff0000;\">continue lendo<\/span> esta mat\u00e9ria.<\/a><\/p>\n","protected":false},"excerpt":{"rendered":"<p>Na mesma celebra\u00e7\u00e3o, rendemos gra\u00e7as a Deus pelos 11 anos de vida presbiteral do Prior Geral Frei Givanildo, pelos 13 anos de Funda\u00e7\u00e3o do Instituto e pelos 22 de&nbsp;Ordena\u00e7\u00e3o Episcopal de Dom Jos\u00e9 Edson. Rogamos ao Senhor da Messe que suscite mais jovens abertos para abra\u00e7ar a Vida Religiosa como Ap\u00f3stolos da Acolhida Redentora.,,continue lendo&nbsp;<\/p>\n<p><a class=\"btn btn-style\" href=\"http:\/\/portalcatolico.net\/portal\/missa-pelos-22-de-ordenacao-episcopal-de-dom-jose-edson-em-eunapolis\/\">Continue Reading<\/a><\/p>\n","protected":false},"author":2,"featured_media":58202,"comment_status":"open","ping_status":"open","sticky":false,"template":"","format":"standard","meta":{"footnotes":""},"categories":[4],"tags":[],"class_list":["post-58201","post","type-post","status-publish","format-standard","has-post-thumbnail","hentry","category-destaques"],"_links":{"self":[{"href":"http:\/\/portalcatolico.net\/portal\/wp-json\/wp\/v2\/posts\/58201","targetHints":{"allow":["GET"]}}],"collection":[{"href":"http:\/\/portalcatolico.net\/portal\/wp-json\/wp\/v2\/posts"}],"about":[{"href":"http:\/\/portalcatolico.net\/portal\/wp-json\/wp\/v2\/types\/post"}],"author":[{"embeddable":true,"href":"http:\/\/portalcatolico.net\/portal\/wp-json\/wp\/v2\/users\/2"}],"replies":[{"embeddable":true,"href":"http:\/\/portalcatolico.net\/portal\/wp-json\/wp\/v2\/comments?post=58201"}],"version-history":[{"count":1,"href":"http:\/\/portalcatolico.net\/portal\/wp-json\/wp\/v2\/posts\/58201\/revisions"}],"predecessor-version":[{"id":58203,"href":"http:\/\/portalcatolico.net\/portal\/wp-json\/wp\/v2\/posts\/58201\/revisions\/58203"}],"wp:featuredmedia":[{"embeddable":true,"href":"http:\/\/portalcatolico.net\/portal\/wp-json\/wp\/v2\/media\/58202"}],"wp:attachment":[{"href":"http:\/\/portalcatolico.net\/portal\/wp-json\/wp\/v2\/media?parent=58201"}],"wp:term":[{"taxonomy":"category","embeddable":true,"href":"http:\/\/portalcatolico.net\/portal\/wp-json\/wp\/v2\/categories?post=58201"},{"taxonomy":"post_tag","embeddable":true,"href":"http:\/\/portalcatolico.net\/portal\/wp-json\/wp\/v2\/tags?post=58201"}],"curies":[{"name":"wp","href":"https:\/\/api.w.org\/{rel}","templated":true}]}}