{"id":58198,"date":"2018-09-08T14:35:51","date_gmt":"2018-09-08T17:35:51","guid":{"rendered":"http:\/\/portalcatolico.net\/portal\/?p=58198"},"modified":"2018-09-08T14:35:51","modified_gmt":"2018-09-08T17:35:51","slug":"familiaalegria-do-amor-esta-sendo-realizado-na-ufsb-o-setimo-congresso-regional-da-pastoral-familiar","status":"publish","type":"post","link":"http:\/\/portalcatolico.net\/portal\/familiaalegria-do-amor-esta-sendo-realizado-na-ufsb-o-setimo-congresso-regional-da-pastoral-familiar\/","title":{"rendered":"Fam\u00edlia,Alegria do Amor. Est\u00e1 sendo realizado na UFSB o s\u00e9timo Congresso Regional da Pastoral Familiar"},"content":{"rendered":"<p>Est\u00e1 sendo realizado o S\u00e9timo Congresso Regional da Pastoral Familiar&nbsp;no audit\u00f3rio da UFSB em Porto Seguro, Onde todas as Dioceses da Igreja Cat\u00f3lica do Estado da Bahia e Sergipe participam ,o congresso resgata a import\u00e2ncia da fam\u00edlia na vida do ser humano, os valores que andam esquecidos nos tempos de hoje . As palestras est\u00e3o sendo ministradas por pessoas preparadas academicamente, os temas tratados s\u00e3o os desafios da institui\u00e7\u00e3o familiar . A forma\u00e7\u00e3o humana de forma completa, sem ideologias e discrimina\u00e7\u00f5es. S\u00e3o mais de 1.000 inscritos, o evento disp\u00f5e de uma instrutura onde o congressista disp\u00f5e de alimenta\u00e7\u00e3o, lanches, comidas de acordo a dieta de cada um devido a alguns possu\u00edrem restri\u00e7\u00f5es, o card\u00e1pio foi elaborado por Profissionais da cidade. Ainda contam com uma equipe m\u00e9dica em tempo integral. (jojonoticias)<\/p>\n<p>Por:Luciana Bittencourt Ramos<\/p>\n<p>&nbsp;<\/p>\n","protected":false},"excerpt":{"rendered":"<p>Est\u00e1 sendo realizado o S\u00e9timo Congresso Regional da Pastoral Familiar&nbsp;no audit\u00f3rio da UFSB em Porto Seguro, Onde todas as Dioceses da Igreja Cat\u00f3lica do Estado da Bahia e Sergipe participam ,o congresso resgata a import\u00e2ncia da fam\u00edlia na vida do ser humano, os valores que andam esquecidos nos tempos de hoje . As palestras est\u00e3o&nbsp;<\/p>\n<p><a class=\"btn btn-style\" href=\"http:\/\/portalcatolico.net\/portal\/familiaalegria-do-amor-esta-sendo-realizado-na-ufsb-o-setimo-congresso-regional-da-pastoral-familiar\/\">Continue Reading<\/a><\/p>\n","protected":false},"author":2,"featured_media":58199,"comment_status":"open","ping_status":"open","sticky":false,"template":"","format":"standard","meta":{"footnotes":""},"categories":[4],"tags":[],"class_list":["post-58198","post","type-post","status-publish","format-standard","has-post-thumbnail","hentry","category-destaques"],"_links":{"self":[{"href":"http:\/\/portalcatolico.net\/portal\/wp-json\/wp\/v2\/posts\/58198","targetHints":{"allow":["GET"]}}],"collection":[{"href":"http:\/\/portalcatolico.net\/portal\/wp-json\/wp\/v2\/posts"}],"about":[{"href":"http:\/\/portalcatolico.net\/portal\/wp-json\/wp\/v2\/types\/post"}],"author":[{"embeddable":true,"href":"http:\/\/portalcatolico.net\/portal\/wp-json\/wp\/v2\/users\/2"}],"replies":[{"embeddable":true,"href":"http:\/\/portalcatolico.net\/portal\/wp-json\/wp\/v2\/comments?post=58198"}],"version-history":[{"count":1,"href":"http:\/\/portalcatolico.net\/portal\/wp-json\/wp\/v2\/posts\/58198\/revisions"}],"predecessor-version":[{"id":58200,"href":"http:\/\/portalcatolico.net\/portal\/wp-json\/wp\/v2\/posts\/58198\/revisions\/58200"}],"wp:featuredmedia":[{"embeddable":true,"href":"http:\/\/portalcatolico.net\/portal\/wp-json\/wp\/v2\/media\/58199"}],"wp:attachment":[{"href":"http:\/\/portalcatolico.net\/portal\/wp-json\/wp\/v2\/media?parent=58198"}],"wp:term":[{"taxonomy":"category","embeddable":true,"href":"http:\/\/portalcatolico.net\/portal\/wp-json\/wp\/v2\/categories?post=58198"},{"taxonomy":"post_tag","embeddable":true,"href":"http:\/\/portalcatolico.net\/portal\/wp-json\/wp\/v2\/tags?post=58198"}],"curies":[{"name":"wp","href":"https:\/\/api.w.org\/{rel}","templated":true}]}}