{"id":58184,"date":"2018-09-08T13:26:19","date_gmt":"2018-09-08T16:26:19","guid":{"rendered":"http:\/\/portalcatolico.net\/portal\/?p=58184"},"modified":"2018-09-08T13:39:08","modified_gmt":"2018-09-08T16:39:08","slug":"novenario-em-honra-a-nossa-senhora-da-piedade-acontece-em-itabuna","status":"publish","type":"post","link":"http:\/\/portalcatolico.net\/portal\/novenario-em-honra-a-nossa-senhora-da-piedade-acontece-em-itabuna\/","title":{"rendered":"Noven\u00e1rio em honra \u00e0 Nossa Senhora da Piedade acontece em Itabuna"},"content":{"rendered":"<div dir=\"auto\">O Noven\u00e1rio em prepara\u00e7\u00e3o para a festa de Nossa Senhora da Piedade, situada no bairro Maria Pinheiro em Itabuna (BA), continua at\u00e9 o dia 14 de setembro com missa todas as noites, reza do ter\u00e7o \u00e0s 18h30min e ap\u00f3s a santa missa, festa do largo com comidas t\u00edpicas e som ao vivo, al\u00e9m de brincadeiras para as crian\u00e7as.&nbsp;<\/div>\n<div dir=\"auto\">Segundo o p\u00e1roco, o Frei Ivanilton, toda a renda ser\u00e1 em prol da festa e os alimentos ser\u00e3o distribu\u00eddos em cestas b\u00e1sicas para mais de 20 fam\u00edlias dos bairros que s\u00e3o atendidos pela par\u00f3quia.&nbsp;<\/div>\n<div dir=\"auto\">A santa missa desta sexta-feira, 7, foi celebrada por Pe.Tony Val\u00e9rio e concelebrada pelo padres Servitanos o Frei Pe Ivanilton e Pe. Frei Marconi.<\/div>\n<div dir=\"auto\">O subtema da noite foi: &#8220;Maria nos ensina a participar efetivamente da Igreja&#8221; e quem fez a&nbsp; reflex\u00e3o foi o convidado especial, padre Tony Val\u00e9rio Rodrigues dos Santos, que disse: &#8220;Maria n\u00e3o \u00e9 uma mulher qualquer. A B\u00edblia diz que Maria \u00e9 a m\u00e3e da Igreja. Maria nos ensina a participar efetivamente da Igreja&#8221;.&nbsp;<img loading=\"lazy\" decoding=\"async\" class=\"wp-image-58186 aligncenter\" src=\"http:\/\/portalcatolico.net\/portal\/wp-content\/uploads\/2018\/09\/41313779_959053004297322_9033893644716736512_n-300x200.jpg\" alt=\"\" width=\"736\" height=\"490\" srcset=\"http:\/\/portalcatolico.net\/portal\/wp-content\/uploads\/2018\/09\/41313779_959053004297322_9033893644716736512_n-300x200.jpg 300w, http:\/\/portalcatolico.net\/portal\/wp-content\/uploads\/2018\/09\/41313779_959053004297322_9033893644716736512_n-768x512.jpg 768w, http:\/\/portalcatolico.net\/portal\/wp-content\/uploads\/2018\/09\/41313779_959053004297322_9033893644716736512_n.jpg 960w\" sizes=\"auto, (max-width: 736px) 100vw, 736px\" \/><\/div>\n<div dir=\"auto\">Os convidados especiais foram: Par\u00f3quia Santa Maria Madalena e os homenageados foram os carism\u00e1ticos das seguintes par\u00f3quias: Santa Rita de C\u00e1ssia ,Santa Maria Madalena e da Igreja Matriz de Nossa Senhora da Piedade, al\u00e9m de leigos e leigas de outras par\u00f3quias.&nbsp;<\/div>\n<div dir=\"auto\">O grande dia festivo, s\u00e1bado , 15 de setembro, tem uma programa\u00e7\u00e3o especial:<\/div>\n<div dir=\"auto\">06h, Alvorada&nbsp;<\/div>\n<div dir=\"auto\">07h, Of\u00edcio de Nossa Senhora<\/div>\n<div dir=\"auto\">18h,Missa Solene, com a presid\u00eancia do bispo Diocesano, Dom Carlos Alberto dos Santos.&nbsp;<\/div>\n<div dir=\"auto\">Participe!<\/div>\n<div dir=\"auto\">\u00c1lbuns de fotos. <a href=\"https:\/\/www.facebook.com\/portalcatolicooficial\/\"><span style=\"color: #ff0000;\">Clique aqui<\/span><\/a><\/div>\n<div dir=\"auto\">&nbsp;<\/div>\n<div dir=\"auto\">&nbsp;<\/div>\n<div dir=\"auto\">&nbsp;<\/div>\n","protected":false},"excerpt":{"rendered":"<p>O Noven\u00e1rio em prepara\u00e7\u00e3o para a festa de Nossa Senhora da Piedade, situada no bairro Maria Pinheiro em Itabuna (BA), continua at\u00e9 o dia 14 de setembro com missa todas as noites, reza do ter\u00e7o \u00e0s 18h30min e ap\u00f3s a santa missa, festa do largo com comidas t\u00edpicas e som ao vivo, al\u00e9m de brincadeiras&nbsp;<\/p>\n<p><a class=\"btn btn-style\" href=\"http:\/\/portalcatolico.net\/portal\/novenario-em-honra-a-nossa-senhora-da-piedade-acontece-em-itabuna\/\">Continue Reading<\/a><\/p>\n","protected":false},"author":2,"featured_media":58185,"comment_status":"open","ping_status":"open","sticky":false,"template":"","format":"standard","meta":{"footnotes":""},"categories":[68],"tags":[],"class_list":["post-58184","post","type-post","status-publish","format-standard","has-post-thumbnail","hentry","category-homilias"],"_links":{"self":[{"href":"http:\/\/portalcatolico.net\/portal\/wp-json\/wp\/v2\/posts\/58184","targetHints":{"allow":["GET"]}}],"collection":[{"href":"http:\/\/portalcatolico.net\/portal\/wp-json\/wp\/v2\/posts"}],"about":[{"href":"http:\/\/portalcatolico.net\/portal\/wp-json\/wp\/v2\/types\/post"}],"author":[{"embeddable":true,"href":"http:\/\/portalcatolico.net\/portal\/wp-json\/wp\/v2\/users\/2"}],"replies":[{"embeddable":true,"href":"http:\/\/portalcatolico.net\/portal\/wp-json\/wp\/v2\/comments?post=58184"}],"version-history":[{"count":3,"href":"http:\/\/portalcatolico.net\/portal\/wp-json\/wp\/v2\/posts\/58184\/revisions"}],"predecessor-version":[{"id":58189,"href":"http:\/\/portalcatolico.net\/portal\/wp-json\/wp\/v2\/posts\/58184\/revisions\/58189"}],"wp:featuredmedia":[{"embeddable":true,"href":"http:\/\/portalcatolico.net\/portal\/wp-json\/wp\/v2\/media\/58185"}],"wp:attachment":[{"href":"http:\/\/portalcatolico.net\/portal\/wp-json\/wp\/v2\/media?parent=58184"}],"wp:term":[{"taxonomy":"category","embeddable":true,"href":"http:\/\/portalcatolico.net\/portal\/wp-json\/wp\/v2\/categories?post=58184"},{"taxonomy":"post_tag","embeddable":true,"href":"http:\/\/portalcatolico.net\/portal\/wp-json\/wp\/v2\/tags?post=58184"}],"curies":[{"name":"wp","href":"https:\/\/api.w.org\/{rel}","templated":true}]}}