{"id":58178,"date":"2018-09-07T16:26:47","date_gmt":"2018-09-07T19:26:47","guid":{"rendered":"http:\/\/portalcatolico.net\/portal\/?p=58178"},"modified":"2018-09-07T16:28:29","modified_gmt":"2018-09-07T19:28:29","slug":"abertas-inscricoes-para-o-v-congresso-diocesano-da-rcc-bom-jesus-da-lapa","status":"publish","type":"post","link":"http:\/\/portalcatolico.net\/portal\/abertas-inscricoes-para-o-v-congresso-diocesano-da-rcc-bom-jesus-da-lapa\/","title":{"rendered":"Abertas Inscri\u00e7\u00f5es para o V Congresso Diocesano da RCC Bom Jesus da Lapa"},"content":{"rendered":"<div>Nos dias 28, 29 e 30 de setembro, no Gin\u00e1sio Jos\u00e9 Caetano de Andrade, a cidade de Bom Jesus da Lapa receber\u00e1 os irm\u00e3os de toda a Diocese para o V Congresso Diocesano da Renova\u00e7\u00e3o Carism\u00e1tica Cat\u00f3lica. O evento abordar\u00e1 o tema do ano para a Renova\u00e7\u00e3o Carism\u00e1tica Cat\u00f3lica em todo o Brasil, a passagem de Apocalipse que diz: &#8220;eis que estou \u00e0 porta e bato&#8221; (Ap 3, 20a).<\/div>\n<div>&nbsp;<\/div>\n<div>Al\u00e9m da presen\u00e7a dos representantes de todos os Grupos de Ora\u00e7\u00e3o da regi\u00e3o, o Congresso contar\u00e1 com a presen\u00e7a da Ir. Ana Paula CMES (Carmelitas Mensageiras do Esp\u00edrito Santo); da Coordenadora Nacional do Minist\u00e9rio de Ora\u00e7\u00e3o Por Cura e Liberta\u00e7\u00e3o, Marizete Nunes Nascimento; do Presidente do Conselho Estadual da RCC na Bahia, Frederico Mastroangelo; da Presidente do Conselho Diocesano da RCC Bom Jesus da Lapa, C\u00e1tia Maria de Jesus. Estar\u00e3o presentes tamb\u00e9m o Bispo Diocesano, Dom Jo\u00e3o Santos Cardoso, o Assessor Eclesi\u00e1stico, Pe. Vanderlei e demais Padres Diocesanos.<\/div>\n<div>&nbsp;<\/div>\n<div>O Congresso Diocesano \u00e9 um momento importante para a reflex\u00e3o sobre a nossa caminhada como movimento eclesial, tamb\u00e9m um momento forte de partilha e confraterniza\u00e7\u00e3o entre os irm\u00e3os membros dos diversos Grupos de Ora\u00e7\u00e3o que comp\u00f5em a Corrente de Gra\u00e7a &#8211; RCC na Diocese, momento de rever ou conhecer os irm\u00e3os que vivenciam a mesma experi\u00eancia da renova\u00e7\u00e3o dos carismas no seio da Igreja Cat\u00f3lica.<\/div>\n<div>&nbsp;<\/div>\n<div>A inscri\u00e7\u00e3o do Congresso custa R$ 20,00 sem alimenta\u00e7\u00e3o e R$ 50,00 com alimenta\u00e7\u00e3o e deve ser realizada junto ao coordenador do seu Grupo de Ora\u00e7\u00e3o at\u00e9 o dia 7 de setembro, com dep\u00f3sito do valor at\u00e9 o dia 14 de setembro.<\/div>\n<div>&nbsp;<\/div>\n<div>Ser\u00e3o vendidas pulseiras para a entrada do Show (Noite Carism\u00e1tica) com a Ir Ana Paula,&nbsp; CMES, no valor de R$ 15,00. O show ser\u00e1 no s\u00e1bado 29\/09, \u00e0s 20h30min no mesmo local do evento.<\/div>\n<div>&nbsp;<\/div>\n<div>Ser\u00e3o indicados tamb\u00e9m hot\u00e9is e pousadas da cidade para aqueles que n\u00e3o optarem pelo alojamento organizado pela RCC local, contudo, a RCC n\u00e3o se responsabiliza pelas reservas, valores ou demais eventualidades contratuais entre os inscritos e os estabelecimentos.<\/div>\n<div>&nbsp;<\/div>\n<div>Por Jardel Menezes<\/div>\n<div>&nbsp;<\/div>\n<div>Informa\u00e7\u00f5es:RCCBAHIA<\/div>\n","protected":false},"excerpt":{"rendered":"<p>Nos dias 28, 29 e 30 de setembro, no Gin\u00e1sio Jos\u00e9 Caetano de Andrade, a cidade de Bom Jesus da Lapa receber\u00e1 os irm\u00e3os de toda a Diocese para o V Congresso Diocesano da Renova\u00e7\u00e3o Carism\u00e1tica Cat\u00f3lica. O evento abordar\u00e1 o tema do ano para a Renova\u00e7\u00e3o Carism\u00e1tica Cat\u00f3lica em todo o Brasil, a passagem&nbsp;<\/p>\n<p><a class=\"btn btn-style\" href=\"http:\/\/portalcatolico.net\/portal\/abertas-inscricoes-para-o-v-congresso-diocesano-da-rcc-bom-jesus-da-lapa\/\">Continue Reading<\/a><\/p>\n","protected":false},"author":2,"featured_media":58179,"comment_status":"open","ping_status":"open","sticky":false,"template":"","format":"standard","meta":{"footnotes":""},"categories":[1],"tags":[],"class_list":["post-58178","post","type-post","status-publish","format-standard","has-post-thumbnail","hentry","category-agenda"],"_links":{"self":[{"href":"http:\/\/portalcatolico.net\/portal\/wp-json\/wp\/v2\/posts\/58178","targetHints":{"allow":["GET"]}}],"collection":[{"href":"http:\/\/portalcatolico.net\/portal\/wp-json\/wp\/v2\/posts"}],"about":[{"href":"http:\/\/portalcatolico.net\/portal\/wp-json\/wp\/v2\/types\/post"}],"author":[{"embeddable":true,"href":"http:\/\/portalcatolico.net\/portal\/wp-json\/wp\/v2\/users\/2"}],"replies":[{"embeddable":true,"href":"http:\/\/portalcatolico.net\/portal\/wp-json\/wp\/v2\/comments?post=58178"}],"version-history":[{"count":3,"href":"http:\/\/portalcatolico.net\/portal\/wp-json\/wp\/v2\/posts\/58178\/revisions"}],"predecessor-version":[{"id":58182,"href":"http:\/\/portalcatolico.net\/portal\/wp-json\/wp\/v2\/posts\/58178\/revisions\/58182"}],"wp:featuredmedia":[{"embeddable":true,"href":"http:\/\/portalcatolico.net\/portal\/wp-json\/wp\/v2\/media\/58179"}],"wp:attachment":[{"href":"http:\/\/portalcatolico.net\/portal\/wp-json\/wp\/v2\/media?parent=58178"}],"wp:term":[{"taxonomy":"category","embeddable":true,"href":"http:\/\/portalcatolico.net\/portal\/wp-json\/wp\/v2\/categories?post=58178"},{"taxonomy":"post_tag","embeddable":true,"href":"http:\/\/portalcatolico.net\/portal\/wp-json\/wp\/v2\/tags?post=58178"}],"curies":[{"name":"wp","href":"https:\/\/api.w.org\/{rel}","templated":true}]}}