{"id":58169,"date":"2018-09-07T15:56:35","date_gmt":"2018-09-07T18:56:35","guid":{"rendered":"http:\/\/portalcatolico.net\/portal\/?p=58169"},"modified":"2018-09-07T16:49:33","modified_gmt":"2018-09-07T19:49:33","slug":"padre-monsenhor-sebastiao-celebra-88-anos-de-vida-em-ibicarai","status":"publish","type":"post","link":"http:\/\/portalcatolico.net\/portal\/padre-monsenhor-sebastiao-celebra-88-anos-de-vida-em-ibicarai\/","title":{"rendered":"Padre Monsenhor Sebasti\u00e3o celebra 88 anos de vida em Ibicara\u00ed"},"content":{"rendered":"<p><iframe loading=\"lazy\"  id=\"_ytid_81846\"  width=\"480\" height=\"270\"  data-origwidth=\"480\" data-origheight=\"270\" src=\"https:\/\/www.youtube.com\/embed\/8edQiNwcKGI?enablejsapi=1&#038;autoplay=0&#038;cc_load_policy=0&#038;cc_lang_pref=&#038;iv_load_policy=1&#038;loop=0&#038;rel=1&#038;fs=1&#038;playsinline=0&#038;autohide=2&#038;theme=dark&#038;color=red&#038;controls=1&#038;disablekb=0&#038;\" class=\"__youtube_prefs__  epyt-is-override  no-lazyload\" title=\"YouTube player\"  allow=\"fullscreen; accelerometer; autoplay; clipboard-write; encrypted-media; gyroscope; picture-in-picture; web-share\" referrerpolicy=\"strict-origin-when-cross-origin\" allowfullscreen data-no-lazy=\"1\" data-skipgform_ajax_framebjll=\"\"><\/iframe><\/p>\n<p><em>O bispo da Diocese de Itabuna, Dom Carlos Alberto dos Santos, celebrou&nbsp;uma missa na Par\u00f3quia Senhor Deus Menino, nesta quinta-feira (06), \u00e0s 19h, em Ibicara\u00ed (BA),&nbsp;&nbsp;em A\u00e7\u00e3o de Gra\u00e7as&nbsp;pelo anivers\u00e1rio natal\u00edcio de 88 anos do padre Monsenhor Sebasti\u00e3o.<\/em><\/p>\n<p><em>Dom Carlos come\u00e7ou a santa missa agradecendo a presen\u00e7a de todos e pela gra\u00e7a dos 88 anos de vida do Monsenhor Sebasti\u00e3o, que segundo ele, s\u00e3o \u201cOitenta e oito anos bem vividos, amadurecidos e cada vez mais agradecidos. E louvado seja Deus!\u201d. Dom Carlos tamb\u00e9m aproveitou o momento para ressaltar que este m\u00eas \u00e9 o m\u00eas da B\u00edblia e afirmou: \u201cA palavra de Deus deve ser amada, ser ouvida, mas sobretudo, vivida!\u201d.<\/em><\/p>\n<p><em>S\u00e3o&nbsp;47 anos de vida dedicados \u00e0 vida religiosa, sacerdotal e a servi\u00e7o da&nbsp;igreja e dos irm\u00e3os. Ele faz tudo isso por causa de sua voca\u00e7\u00e3o, miss\u00e3o,&nbsp;dedica\u00e7\u00e3o e f\u00e9, manifestando em quem acredita em Jesus Cristo, a raz\u00e3o&nbsp;da nossa vida.<\/em><\/p>\n<p><em>A presid\u00eancia da santa missa foi&nbsp;passada pelo Bispo Dom Carlos dos Santos ao padre Sebasti\u00e3o, em ocasi\u00e3o&nbsp;do anivers\u00e1rio natal\u00edcio, e concelebrada juntamente com os padres e&nbsp;di\u00e1conos da Diocese.&nbsp;<\/em><\/p>\n<p><em>&nbsp;Participaram deste momento especial, muitos religiosos, al\u00e9m das comunidades que comp\u00f5em a par\u00f3quia, cat\u00f3licos de Ibicara\u00ed e de outras cidades circunvizinhas.<\/em><\/p>\n<p><em>O&nbsp;prefeito da cidade, os secret\u00e1rios e os vereadores tamb\u00e9m estiveram presentes&nbsp;homenageando o sacerdote, que atua h\u00e1 36 anos na cidade de Ibicara\u00ed.<\/em><\/p>\n<p><em>\u201cS\u00e3o 88 anos de vida longa e fecunda que o prezado amigo dedica aten\u00e7\u00e3o ao povo de Deus atrav\u00e9s do seu minist\u00e9rio e do seu exemplo no segmento de Cristo. Que o Senhor Deus Menino lhe conceda grandes gra\u00e7as para continuar servindo com sa\u00fade e entusiasmo!\u201d, disse o Arcebispo do Rio de Janeiro, Dom Orani Jo\u00e3o Tempeste, em mensagem enviada ao sacerdote.<\/em><\/p>\n<p><em>Na oportunidade, ap\u00f3s receber muitas homenagens, muito emocionado, o padre aniversariante contou um pouco de sal trajet\u00f3ria de supera\u00e7\u00e3o, ap\u00f3s passar por um momento delicado de sa\u00fade, at\u00e9 ser ordenado : \u201cAgrade\u00e7o a Deus por tudo na minha vida. Agrade\u00e7o a Deus, a coragem que o Bispo teve em me ordenar, pois eu tinha sa\u00eddo breve, da mesa de cirurgia, entre a vida e a morte, sem resposta da medicina. Tiraram tr\u00eas quartos do meu est\u00f4mago. E eu j\u00e1 era sub-di\u00e1cono. A Diocese ficou sem padre, sem Bispo.&nbsp;Depois, eu me recuperei (\u2026)\u201d. A ordena\u00e7\u00e3o dele aconteceu&nbsp;em 31.01.1971, pela&nbsp; imposi\u00e7\u00e3o das m\u00e3os do bispo dom Valfredo&nbsp; Tepe da&nbsp;Diocese de Ilh\u00e9us,&nbsp; na&nbsp; Catedral Diocesana e Par\u00f3quia S\u00e3o Sebasti\u00e3o.<\/em><\/p>\n<p><em>Vale ressaltar que Monsehor Sebasti\u00e3o&nbsp;\u00e9 natural de Uni\u00e3o dos Palmares de Alagoas.<br \/>\nA equipe do Portal Cat\u00f3lico de Not\u00edcias deseja muita sa\u00fade e alegria&nbsp;neste dia t\u00e3o especial, dia em que o padre Sebasti\u00e3o comemora 88 anos de&nbsp;doa\u00e7\u00e3o e miss\u00e3o nas m\u00e3os do Senhor. Parab\u00e9ns e muita sa\u00fade!<\/em><\/p>\n<p><em>&nbsp;<\/em><\/p>\n<p><em>Fotos e reportagem: Valdeni Elias<\/em><\/p>\n<p><em>Ed. de texto: Anara Passos (Jornalista DRT 7574)<\/em><\/p>\n<p><a href=\"https:\/\/www.facebook.com\/portalcatolicooficial\/\">Clique aqui<\/a> para seguir nossa p\u00e1gina no Facebook e visualizar as fotos.<\/p>\n<p style=\"margin-top: 0px; margin-bottom: 0px; color: #000000; font-family: Calibri, Helvetica, sans-serif;\">&nbsp;<\/p>\n<p style=\"margin-top: 0px; margin-bottom: 0px; color: #000000; font-family: Calibri, Helvetica, sans-serif;\">&nbsp;<\/p>\n<div id=\"Signature\" style=\"color: #000000; font-family: Calibri, Helvetica, sans-serif;\">\n<div id=\"divtagdefaultwrapper\" dir=\"ltr\" style=\"padding-top: 0px; border-top: 0px; font-size: 12pt; font-family: Calibri, Arial, Helvetica, sans-serif, EmojiFont, 'Apple Color Emoji', 'Segoe UI Emoji', NotoColorEmoji, 'Segoe UI Symbol', 'Android Emoji', EmojiSymbols;\">\n<p style=\"margin-top: 0px; margin-bottom: 0px;\" align=\"center\">&nbsp;<\/p>\n<\/div>\n<\/div>\n","protected":false},"excerpt":{"rendered":"<p>O bispo da Diocese de Itabuna, Dom Carlos Alberto dos Santos, celebrou&nbsp;uma missa na Par\u00f3quia Senhor Deus Menino, nesta quinta-feira (06), \u00e0s 19h, em Ibicara\u00ed (BA),&nbsp;&nbsp;em A\u00e7\u00e3o de Gra\u00e7as&nbsp;pelo anivers\u00e1rio natal\u00edcio de 88 anos do padre Monsenhor Sebasti\u00e3o. Dom Carlos come\u00e7ou a santa missa agradecendo a presen\u00e7a de todos e pela gra\u00e7a dos 88 anos&nbsp;<\/p>\n<p><a class=\"btn btn-style\" href=\"http:\/\/portalcatolico.net\/portal\/padre-monsenhor-sebastiao-celebra-88-anos-de-vida-em-ibicarai\/\">Continue Reading<\/a><\/p>\n","protected":false},"author":2,"featured_media":58170,"comment_status":"open","ping_status":"open","sticky":false,"template":"","format":"standard","meta":{"footnotes":""},"categories":[68],"tags":[],"class_list":["post-58169","post","type-post","status-publish","format-standard","has-post-thumbnail","hentry","category-homilias"],"_links":{"self":[{"href":"http:\/\/portalcatolico.net\/portal\/wp-json\/wp\/v2\/posts\/58169","targetHints":{"allow":["GET"]}}],"collection":[{"href":"http:\/\/portalcatolico.net\/portal\/wp-json\/wp\/v2\/posts"}],"about":[{"href":"http:\/\/portalcatolico.net\/portal\/wp-json\/wp\/v2\/types\/post"}],"author":[{"embeddable":true,"href":"http:\/\/portalcatolico.net\/portal\/wp-json\/wp\/v2\/users\/2"}],"replies":[{"embeddable":true,"href":"http:\/\/portalcatolico.net\/portal\/wp-json\/wp\/v2\/comments?post=58169"}],"version-history":[{"count":7,"href":"http:\/\/portalcatolico.net\/portal\/wp-json\/wp\/v2\/posts\/58169\/revisions"}],"predecessor-version":[{"id":58183,"href":"http:\/\/portalcatolico.net\/portal\/wp-json\/wp\/v2\/posts\/58169\/revisions\/58183"}],"wp:featuredmedia":[{"embeddable":true,"href":"http:\/\/portalcatolico.net\/portal\/wp-json\/wp\/v2\/media\/58170"}],"wp:attachment":[{"href":"http:\/\/portalcatolico.net\/portal\/wp-json\/wp\/v2\/media?parent=58169"}],"wp:term":[{"taxonomy":"category","embeddable":true,"href":"http:\/\/portalcatolico.net\/portal\/wp-json\/wp\/v2\/categories?post=58169"},{"taxonomy":"post_tag","embeddable":true,"href":"http:\/\/portalcatolico.net\/portal\/wp-json\/wp\/v2\/tags?post=58169"}],"curies":[{"name":"wp","href":"https:\/\/api.w.org\/{rel}","templated":true}]}}