{"id":58166,"date":"2018-09-07T06:58:30","date_gmt":"2018-09-07T09:58:30","guid":{"rendered":"http:\/\/portalcatolico.net\/portal\/?p=58166"},"modified":"2018-09-07T06:58:30","modified_gmt":"2018-09-07T09:58:30","slug":"amado-papa-francisco","status":"publish","type":"post","link":"http:\/\/portalcatolico.net\/portal\/amado-papa-francisco\/","title":{"rendered":"Amado Papa Francisco"},"content":{"rendered":"<p>\u201cSem nada ter, tudo pode ser e cantar feliz\u201d, eis a express\u00e3o de S\u00e3o Jo\u00e3o da Cruz que bem define a exemplar caminhada do Papa Francisco, na miss\u00e3o de promover a universalidade da Igreja. A partir de sua rica experi\u00eancia de vida consagrada e pastoral, de sua proximidade e das palavras sempre pertinentes, o Papa Francisco nutre no cora\u00e7\u00e3o da humanidade sinais de esperan\u00e7a. Assim, unem-se ao Papa multid\u00f5es do mundo inteiro \u2013 cl\u00e9rigos, autoridades governamentais, formadores de opini\u00e3o, l\u00edderes, membros de diferentes confiss\u00f5es religiosas, cidad\u00e3os de diferentes lugares. Todas essas vozes, a partir do pontificado de Francisco, formam um coro que canta a alegria de enxergar, no horizonte, uma \u201cIgreja em sa\u00edda\u201d, que vai ao encontro de todos, superando molduras antiquadas para deixar brilhar a for\u00e7a da tradi\u00e7\u00e3o \u2013 capaz de levar \u00e0 interioridade de cada pessoa a luz do Evangelho de Jesus Cristo.<\/p>\n<p>Importante reconhecer: valorizar a tradi\u00e7\u00e3o n\u00e3o significa limitar-se ao apego cego a tudo o que \u00e9 antigo, pois Deus, pela a\u00e7\u00e3o do Esp\u00edrito Santo, gera sempre renova\u00e7\u00e3o. Zelar pela tradi\u00e7\u00e3o da Igreja Cat\u00f3lica \u00e9 reconhecer a sua irrenunci\u00e1vel miss\u00e3o de fazer chegar a todos a luz incandescente do Evangelho. E o Papa Francisco ergue a tocha com essa luz, exercendo, com coragem e simplicidade, o seu minist\u00e9rio. A luminosidade do Evangelho incide sob seu rosto e permite, a cada pessoa, reconhec\u00ea-lo como sucessor do ap\u00f3stolo Pedro. Por isso, o seu pontificado gera convers\u00e3o, possibilitando que muitas pessoas assumam seus pr\u00f3prios pecados e fragilidades.<\/p>\n<p>O Evangelho de Jesus Cristo, o di\u00e1logo com Deus, faz brotar no cora\u00e7\u00e3o humano a sabedoria que permite compreender: n\u00e3o importam roupagens, t\u00edtulos ou posi\u00e7\u00f5es hier\u00e1rquicas que, muitas vezes, garantem certas benesses e honrarias. O fundamental \u00e9 cultivar uma aut\u00eantica vida crist\u00e3, um jeito de ser que \u00e9 bem distante de qualquer tipo de postura ego\u00edsta. Na hist\u00f3ria bimilenar da Igreja Cat\u00f3lica, admir\u00e1veis homens e mulheres, crist\u00e3os leigos e leigas, gente simples, mas tamb\u00e9m nomes reconhecidos &#8211; papas, bispos, padres, religiosos -, em diferentes lugares e culturas, nos mais variados momentos da hist\u00f3ria da humanidade, foram exemplares por serem aut\u00eanticos crist\u00e3os. Hoje, o olhar volta-se para os que corajosamente se dedicam \u00e0s frentes mission\u00e1rias, chamados a testemunharem a f\u00e9 no mundo contempor\u00e2neo. Liderando essa multid\u00e3o de disc\u00edpulos e disc\u00edpulas de Cristo, est\u00e1 o amado Papa Francisco, que faz a cada pessoa um convite corajoso: aproximar-se mais da luz do Evangelho. &nbsp;<\/p>\n<p>Acolher esse convite \u00e9 a \u00fanica possibilidade para a supera\u00e7\u00e3o das muitas sombras, tamb\u00e9m na Igreja, em raz\u00e3o dos estreitamentos humanos e dos desafios do mundo atual. H\u00e1 certas din\u00e2micas contempor\u00e2neas que est\u00e3o na contram\u00e3o do Evangelho. A lista \u00e9 extensa, mas \u00e9 importante, neste momento, dedicar aten\u00e7\u00e3o especial a um desses males: o moralismo perverso de certos indiv\u00edduos que, motivados por interesses pessoais e pouco evang\u00e9licos, sentem-se no direito de atacar outras pessoas. Esses indiv\u00edduos, quando criticam, n\u00e3o buscam promover corre\u00e7\u00e3o ou convers\u00e3o, pois s\u00e3o movidos pela m\u00e1goa. Em vez disso, n\u00e3o raramente, atacam para encobrir seus pr\u00f3prios limites. Adotam, pois, a estrat\u00e9gia de tentar destruir outras pessoas, distanciando-se da luz do Evangelho, que escancara escurid\u00f5es. Quem busca seguir Jesus, nas muitas situa\u00e7\u00f5es do cotidiano, pode gerar certo inc\u00f4modo para os que, veladamente, arquitetam manobras e ilegalidades.<\/p>\n<p>Para a Igreja, seguir Cristo n\u00e3o \u00e9 op\u00e7\u00e3o, mas raz\u00e3o de existir, tarefa que se exerce dedicando-se ao mundo. \u00c9 o que pede o amado Papa Francisco: uma Igreja cada vez mais servidora, muitas vezes ferida por debru\u00e7ar-se, misericordiosamente, nas diferentes vicissitudes da vida humana. E o coro de vozes que se une ao Papa Francisco \u00e9 muito grande. Deve crescer ainda mais, para que ningu\u00e9m fique de fora. As vozes desse coro, unindo cora\u00e7\u00f5es em um cora\u00e7\u00e3o s\u00f3, revelam que multid\u00f5es cultivam a disposi\u00e7\u00e3o corajosa de se deixar iluminar pelo Evangelho &#8211; a Tradi\u00e7\u00e3o que \u00e9 a heran\u00e7a intoc\u00e1vel da Igreja. Permane\u00e7a, assim, viva a esperan\u00e7a de se construir um novo tempo, a partir do caminho indicado pelo amado Papa Francisco.<\/p>\n<p>Foto:Divulga\u00e7\u00e3o<\/p>\n<p>Autor: Dom Walmor Oliveira de Azevedo<\/p>\n<p>Arcebispo metropolitano de Belo Horizonte (MG)<\/p>\n","protected":false},"excerpt":{"rendered":"<p>\u201cSem nada ter, tudo pode ser e cantar feliz\u201d, eis a express\u00e3o de S\u00e3o Jo\u00e3o da Cruz que bem define a exemplar caminhada do Papa Francisco, na miss\u00e3o de promover a universalidade da Igreja. A partir de sua rica experi\u00eancia de vida consagrada e pastoral, de sua proximidade e das palavras sempre pertinentes, o Papa&nbsp;<\/p>\n<p><a class=\"btn btn-style\" href=\"http:\/\/portalcatolico.net\/portal\/amado-papa-francisco\/\">Continue Reading<\/a><\/p>\n","protected":false},"author":2,"featured_media":58167,"comment_status":"open","ping_status":"open","sticky":false,"template":"","format":"standard","meta":{"footnotes":""},"categories":[69],"tags":[],"class_list":["post-58166","post","type-post","status-publish","format-standard","has-post-thumbnail","hentry","category-artigos"],"_links":{"self":[{"href":"http:\/\/portalcatolico.net\/portal\/wp-json\/wp\/v2\/posts\/58166","targetHints":{"allow":["GET"]}}],"collection":[{"href":"http:\/\/portalcatolico.net\/portal\/wp-json\/wp\/v2\/posts"}],"about":[{"href":"http:\/\/portalcatolico.net\/portal\/wp-json\/wp\/v2\/types\/post"}],"author":[{"embeddable":true,"href":"http:\/\/portalcatolico.net\/portal\/wp-json\/wp\/v2\/users\/2"}],"replies":[{"embeddable":true,"href":"http:\/\/portalcatolico.net\/portal\/wp-json\/wp\/v2\/comments?post=58166"}],"version-history":[{"count":1,"href":"http:\/\/portalcatolico.net\/portal\/wp-json\/wp\/v2\/posts\/58166\/revisions"}],"predecessor-version":[{"id":58168,"href":"http:\/\/portalcatolico.net\/portal\/wp-json\/wp\/v2\/posts\/58166\/revisions\/58168"}],"wp:featuredmedia":[{"embeddable":true,"href":"http:\/\/portalcatolico.net\/portal\/wp-json\/wp\/v2\/media\/58167"}],"wp:attachment":[{"href":"http:\/\/portalcatolico.net\/portal\/wp-json\/wp\/v2\/media?parent=58166"}],"wp:term":[{"taxonomy":"category","embeddable":true,"href":"http:\/\/portalcatolico.net\/portal\/wp-json\/wp\/v2\/categories?post=58166"},{"taxonomy":"post_tag","embeddable":true,"href":"http:\/\/portalcatolico.net\/portal\/wp-json\/wp\/v2\/tags?post=58166"}],"curies":[{"name":"wp","href":"https:\/\/api.w.org\/{rel}","templated":true}]}}