{"id":58163,"date":"2018-09-06T22:52:07","date_gmt":"2018-09-07T01:52:07","guid":{"rendered":"http:\/\/portalcatolico.net\/portal\/?p=58163"},"modified":"2018-09-07T06:52:26","modified_gmt":"2018-09-07T09:52:26","slug":"7-de-setembro-24o-grito-dos-excluidos-acontecera-durante-comemoracoes-pela-independencia-do-brasil","status":"publish","type":"post","link":"http:\/\/portalcatolico.net\/portal\/7-de-setembro-24o-grito-dos-excluidos-acontecera-durante-comemoracoes-pela-independencia-do-brasil\/","title":{"rendered":"7 de Setembro: 24\u00ba Grito dos Exclu\u00eddos acontecer\u00e1 durante comemora\u00e7\u00f5es pela Independ\u00eancia do Brasil"},"content":{"rendered":"<p>No dia 7 de setembro, data que se comemora a independ\u00eancia pol\u00edtica do Brasil, ser\u00e1 realizado o 24\u00ba Grito dos Exclu\u00eddos que, este ano, tem como tema \u201cVida em primeiro lugar!\u201d e lema \u201cDesigualdade gera viol\u00eancia: basta de privil\u00e9gios!\u201d. O ato, que acontece em todo o pa\u00eds, \u00e9 constru\u00eddo por comit\u00eas religiosos, movimentos populares, sindicatos e organiza\u00e7\u00f5es civis. Neste ano, o Grito dos Exclu\u00eddos traz como eixos centrais o foco na vida, a viol\u00eancia e os privil\u00e9gios. A iniciativa tem como objetivo denunciar a estrutura agressiva e excludente da sociedade que gera viol\u00eancia, o massacre e a perda dos direitos dos trabalhadores e o fim de privil\u00e9gios para poucos, o que se caracteriza por uma grande viol\u00eancia institucional.<\/p>\n<p>Em Salvador, o Grito dos Exclu\u00eddos est\u00e1 confirmado! As diversas representa\u00e7\u00f5es sociais e a sociedade civil mant\u00eam o ponto de encontro em frente ao Teatro Castro Alves, no Campo Grande, de onde sair\u00e3o, \u00e0s 8h, e seguir\u00e3o em caminhada at\u00e9 a Pra\u00e7a Castro Alves, protestando contra as diferentes formas de viola\u00e7\u00e3o de direitos, viol\u00eancia e pela defesa da vida, fazendo ecoar ainda mais forte o tema do Grito dos Exclu\u00eddos 2018: \u201cVida em primeiro lugar!\u201d e lema \u201cDesigualdade gera viol\u00eancia: basta de privil\u00e9gios!\u201d.<\/p>\n<p>Participam deste momento as diversas pastorais sociais, grupos, entidades e movimentos, como: Pastoral do Menor, Pastoral da Sa\u00fade, Pastoral Povo de Rua, Pastoral da Juventude, Pastoral da Sobriedade, Fraternidade Crist\u00e3 de Pessoas com Defici\u00eancia \u2013 FCD, PNSE, Projeto For\u00e7a Feminina, Rede Um Grito pela Vida, SINDAE, CEBS, CRB, CAPDEVER, ABACI, Comunidade Kolping \u2013 Boca do Rio, C\u00e1ritas, Direitos Humanos, ISDGFP, Levante Popular da Juventude, SINDIPETRO, Sindicato das Dom\u00e9sticas, SINDIVIGILANTE, SINDAE, SENGE, JUBILEU BRASIL SUL, Movimento de Prote\u00e7\u00e3o dos Animais, Movimentos Sociais e o Coral da Igreja do Ros\u00e1rio dos Pretos.<\/p>\n<p><strong>Prepara\u00e7\u00e3o<\/strong><\/p>\n<p>A prepara\u00e7\u00e3o do Grito, constru\u00edda democraticamente, acolhe as diversas bandeiras. Movimentos, comunidades e organiza\u00e7\u00f5es s\u00e3o essenciais para o fortalecimento, e, sobretudo, para se mostrar contra um sistema opressor e que promove tanta desigualdade. A Arquidiocese, atrav\u00e9s da A\u00e7\u00e3o Social Arquidiocesana (ASA), por interm\u00e9dio da articula\u00e7\u00e3o das pastorais sociais apoiam totalmente a causa, assim como o Papa Francisco, que convoca toda a sociedade a refletir e&nbsp;lutar por mudan\u00e7as reais dentro do sistema capitalista, destacando que uma economia que s\u00f3 visa lucro acima da pessoa humana e do bem comum n\u00e3o est\u00e1 em sintonia com as exig\u00eancias \u00e9ticas do Evangelho. \u201cO dinheiro deve servir e n\u00e3o governar! N\u00e3o se pode permitir que o dinheiro domine tudo, provocando a destrui\u00e7\u00e3o do tecido social\u201d ( EG 58).<\/p>\n<p>Para garantir a prepara\u00e7\u00e3o e forma\u00e7\u00e3o&nbsp;dos articuladores que est\u00e3o \u00e0 frente da organiza\u00e7\u00e3o do&nbsp;Grito, a equipe de articula\u00e7\u00e3o da ASA, desde o m\u00eas de julho, realizou reuni\u00f5es semanais com os diversos representantes das pastorais sociais, movimentos, entidades e sindicatos. O objetivo \u00e9 realizar o estudo&nbsp;dos&nbsp;eixos formativos que interagem com o lema, al\u00e9m da organiza\u00e7\u00e3o e prepara\u00e7\u00e3o do movimento, que acontece no dia 7 de setembro.<\/p>\n<p>Para o padre Jos\u00e9 Carlos, coordenador da articula\u00e7\u00e3o do&nbsp;Grito&nbsp;dos&nbsp;Exclu\u00eddos, membro do Conselho Estadual da Pessoa Idosa e p\u00e1roco da Par\u00f3quia Nossa Senhora de Guadalupe, o grito se torna um momento ideal para fortalecer ainda mais a luta contra as v\u00e1rias formas de viol\u00eancia, por ser esse espa\u00e7o aberto e plural no comprometimento das causas das pessoas exclu\u00eddas que vivenciam todas as perdas e viola\u00e7\u00e3o de direitos dos \u00faltimos tempos. \u201cO cen\u00e1rio ca\u00f3tico que vivemos de tantas perdas e retrocessos nos entristece, mas n\u00e3o podemos perder a esperan\u00e7a. S\u00e3o momentos dif\u00edceis, e n\u00f3s enquanto Igreja gritamos a favor dos pobres, pois queremos antes de tudo respeito e plena realiza\u00e7\u00e3o do ser humano, sem nenhuma forma de escravid\u00e3o ou diminui\u00e7\u00e3o da dignidade humana\u201d, afirma.<\/p>\n<p>J\u00e9ssica Soares, articuladora da ASA e integrante da organiza\u00e7\u00e3o do grito, refor\u00e7a que \u00e9 preciso convocar a todos, sem exce\u00e7\u00e3o, a ida \u00e0s ruas para gritar pelos direitos que est\u00e3o sendo retirados. \u201cA desigualdade afeta a todos os exclu\u00eddos e exclu\u00eddas, principalmente, as mulheres. \u00c9 muito importante gritar por n\u00f3s e por tantas outras que t\u00eam os seus gritos silenciados\u201d, diz.<\/p>\n<p><strong>&nbsp;<\/strong><strong>Pr\u00e9-Grito<\/strong><\/p>\n<p>O pr\u00e9- grito s\u00e3o atividades que antecedem ao grito sendo mais um momento de fortalecimento e prepara\u00e7\u00e3o para a manifesta\u00e7\u00e3o do 7 de setembro. Na programa\u00e7\u00e3o acontecem rodas de conversas, cursos, semin\u00e1rios, caminhadas, atos p\u00fablicos, prociss\u00e3o, etc.<\/p>\n<p>Esse ano, de uma forma muito especial, a Pastoral do Menor Arquidiocesana em parceria com entidades e com os centros comunit\u00e1rios que acompanha no territ\u00f3rio do Sub\u00farbio de Salvador, realizou no \u00faltimo dia 3 de setembro, o \u201c1\u00b0 Grito Mirim\u201d. O ato aconteceu em forma de caminhada na Pra\u00e7a da Revolu\u00e7\u00e3o, em Periperi, com a participa\u00e7\u00e3o de mais de 200 pessoas, em sua maioria jovens e crian\u00e7as. Como parte da programa\u00e7\u00e3o, as crian\u00e7as e adolescentes produziram cartazes com os seus gritos a favor da garantia da educa\u00e7\u00e3o, biblioteca, respeito, dignidade, n\u00e3o ao preconceito, abuso sexual infantil, entre outros.<\/p>\n<p>Helga Abreu, educadora social do Projeto Crian\u00e7a Feliz, n\u00e3o esconde a alegria de ter participado do \u201c1\u00ba Grito Mirim\u201d e ter acompanhado essa experi\u00eancia com as crian\u00e7as e adolescentes. Para ela foi de fundamental import\u00e2ncia a oportunidade desses jovens t\u00e3o cedo mostrarem que s\u00e3o sujeitos de direitos e deveres, diante da atual situa\u00e7\u00e3o de desigualdade social que vivemos. \u201c\u00c9 preciso lutar, mostrar o nosso grito em defesa da vida e dos nossos direitos. Tomo como minhas as palavras do mestre Jesus: \u201cEu vim para que todos tenham vida e vida em abund\u00e2ncia \u201c. Esse \u00e9 sem d\u00favida o nosso maior anseio\u201d, conclui a educadora.<\/p>\n<p><strong>Hist\u00f3ria do Grito dos Exclu\u00eddos<\/strong><\/p>\n<p>A proposta do Grito surgiu no Brasil no ano de 1994 e o 1\u00ba&nbsp;<strong>Grito dos Exclu\u00eddos<\/strong>&nbsp;foi realizado em setembro de 1995, com o objetivo de aprofundar o tema da&nbsp;<strong>Campanha da Fraternidade<\/strong>&nbsp;do mesmo ano, que tinha como lema \u201cEras tu, Senhor\u201d, e responder aos desafios levantados na 2\u00aa Semana Social Brasileira, cujo tema era \u201cBrasil, alternativas e protagonistas\u201d. Em 1999 o Grito rompeu fronteiras e estendeu-se para as Am\u00e9ricas.<\/p>\n<p><strong>O Grito e a sua configura\u00e7\u00e3o<\/strong><\/p>\n<p>O Grito dos Exclu\u00eddos nasceu da necessidade de dar voz ao povo, \u00e0s minorias e \u00e0 popula\u00e7\u00e3o historicamente exclu\u00edda pelo Estado, que opta por uma engrenagem de negocia\u00e7\u00f5es financeiras que somente obedecem aos interesses dos que j\u00e1 t\u00eam: dos ricos, das empresas, dos bancos. Assim, os direitos \u00e0 sa\u00fade, moradia, transporte, trabalho, informa\u00e7\u00e3o e vida digna ficam comprometidos e aumenta a desigualdade social no pa\u00eds. Sendo assim, o Grito \u00e9 um processo que n\u00e3o come\u00e7a e nem termina no dia 7 de setembro. Ele \u00e9 um espa\u00e7o de articula\u00e7\u00e3o permanente para que movimentos sociais organizados se manifestem e cobrem direitos j\u00e1 assegurados em nossa Constitui\u00e7\u00e3o Federal.<\/p>\n<p><strong>Os lemas debatidos no Grito<\/strong><\/p>\n<p>1995 \u2013 \u201cA Vida em primeiro lugar\u201d<\/p>\n<p>1996 \u2013 \u201cTrabalho e Terra para viver\u201d<\/p>\n<p>1997 \u2013 \u201cQueremos justi\u00e7a e dignidade\u201d<\/p>\n<p>1998 \u2013 \u201cAqui \u00e9 o meu pa\u00eds\u201d<\/p>\n<p>1999 \u2013 \u201cBrasil: um filho teu n\u00e3o foge \u00e0 luta\u201d<\/p>\n<p>2000 \u2013 \u201cProgresso e Vida P\u00e1tria sem D\u00edvida$\u201d<\/p>\n<p>2001 \u2013 \u201cPor amor a essa P\u00e1tria Brasil\u201d<\/p>\n<p>2002 \u2013 \u201cSoberania n\u00e3o se negocia\u201d<\/p>\n<p>2003 \u2013 \u201cTirem as m\u00e3os\u2026 o Brasil \u00e9 nosso ch\u00e3o\u201d<\/p>\n<p>2004 \u2013 \u201cBRASIL: Mudan\u00e7a pra valer, o povo faz acontecer\u201d<\/p>\n<p>2005 \u2013 \u201cBrasil em nossas m\u00e3os a mudan\u00e7a\u201d<\/p>\n<p>2006 \u2013 \u201cBrasil: na for\u00e7a da indigna\u00e7\u00e3o, sementes de transforma\u00e7\u00e3o\u201d<\/p>\n<p>2007 \u2013 \u201cIsto n\u00e3o Vale: Queremos Participa\u00e7\u00e3o no Destino da Na\u00e7\u00e3o\u201d<\/p>\n<p>2008 \u2013 \u201cVida em primeiro lugar Direitos e Participa\u00e7\u00e3o Popular\u201d<\/p>\n<p>2009 \u2013 \u201cVida em primeiro lugar: A for\u00e7a da transforma\u00e7\u00e3o est\u00e1 na organiza\u00e7\u00e3o popular\u201d<\/p>\n<p>2010 \u2013 \u201cVida em primeiro lugar: \u201cOnde est\u00e3o nossos Direitos? Vamos \u00e0s ruas para construir o projeto popular\u201d<\/p>\n<p>2011 \u2013 \u201cPela vida grita a TERRA\u2026 Por direitos, todos n\u00f3s!\u201d<\/p>\n<p>2012 \u2013 \u201cQueremos um Estado a Servi\u00e7o da Na\u00e7\u00e3o, que garanta direitos a toda popula\u00e7\u00e3o\u201d<\/p>\n<p>2013 \u2013 \u201cJuventude que ousa lutar constr\u00f3i projeto popular\u201d<\/p>\n<p>2014 \u2013 \u201cOcupar ruas e pra\u00e7as por liberdade e direitos\u201d<\/p>\n<p>2015 \u2013 \u201cQue Pa\u00eds \u00e9 este, que mata gente, que a m\u00eddia mente e nos consome\u201d<\/p>\n<p>2016 \u2013 \u201cEste Sistema \u00e9 insuport\u00e1vel: Exclui, degrada, mata!\u201d<\/p>\n<p>2017 \u2013 \u201cPor direitos e Democracia, a luta \u00e9 todo dia\u201d<\/p>\n<p>Texto com informa\u00e7\u00f5es da Coordena\u00e7\u00e3o Nacional do Grito dos Exclu\u00eddos.<\/p>\n","protected":false},"excerpt":{"rendered":"<p>No dia 7 de setembro, data que se comemora a independ\u00eancia pol\u00edtica do Brasil, ser\u00e1 realizado o 24\u00ba Grito dos Exclu\u00eddos que, este ano, tem como tema \u201cVida em primeiro lugar!\u201d e lema \u201cDesigualdade gera viol\u00eancia: basta de privil\u00e9gios!\u201d. O ato, que acontece em todo o pa\u00eds, \u00e9 constru\u00eddo por comit\u00eas religiosos, movimentos populares, sindicatos&nbsp;<\/p>\n<p><a class=\"btn btn-style\" href=\"http:\/\/portalcatolico.net\/portal\/7-de-setembro-24o-grito-dos-excluidos-acontecera-durante-comemoracoes-pela-independencia-do-brasil\/\">Continue Reading<\/a><\/p>\n","protected":false},"author":2,"featured_media":58164,"comment_status":"open","ping_status":"open","sticky":false,"template":"","format":"standard","meta":{"footnotes":""},"categories":[1],"tags":[],"class_list":["post-58163","post","type-post","status-publish","format-standard","has-post-thumbnail","hentry","category-agenda"],"_links":{"self":[{"href":"http:\/\/portalcatolico.net\/portal\/wp-json\/wp\/v2\/posts\/58163","targetHints":{"allow":["GET"]}}],"collection":[{"href":"http:\/\/portalcatolico.net\/portal\/wp-json\/wp\/v2\/posts"}],"about":[{"href":"http:\/\/portalcatolico.net\/portal\/wp-json\/wp\/v2\/types\/post"}],"author":[{"embeddable":true,"href":"http:\/\/portalcatolico.net\/portal\/wp-json\/wp\/v2\/users\/2"}],"replies":[{"embeddable":true,"href":"http:\/\/portalcatolico.net\/portal\/wp-json\/wp\/v2\/comments?post=58163"}],"version-history":[{"count":1,"href":"http:\/\/portalcatolico.net\/portal\/wp-json\/wp\/v2\/posts\/58163\/revisions"}],"predecessor-version":[{"id":58165,"href":"http:\/\/portalcatolico.net\/portal\/wp-json\/wp\/v2\/posts\/58163\/revisions\/58165"}],"wp:featuredmedia":[{"embeddable":true,"href":"http:\/\/portalcatolico.net\/portal\/wp-json\/wp\/v2\/media\/58164"}],"wp:attachment":[{"href":"http:\/\/portalcatolico.net\/portal\/wp-json\/wp\/v2\/media?parent=58163"}],"wp:term":[{"taxonomy":"category","embeddable":true,"href":"http:\/\/portalcatolico.net\/portal\/wp-json\/wp\/v2\/categories?post=58163"},{"taxonomy":"post_tag","embeddable":true,"href":"http:\/\/portalcatolico.net\/portal\/wp-json\/wp\/v2\/tags?post=58163"}],"curies":[{"name":"wp","href":"https:\/\/api.w.org\/{rel}","templated":true}]}}