{"id":58159,"date":"2018-09-06T12:50:41","date_gmt":"2018-09-06T15:50:41","guid":{"rendered":"http:\/\/portalcatolico.net\/portal\/?p=58159"},"modified":"2018-09-06T23:33:29","modified_gmt":"2018-09-07T02:33:29","slug":"participe-da-celebracao-em-homenagem-aos-88-anos-do-padre-wesley","status":"publish","type":"post","link":"http:\/\/portalcatolico.net\/portal\/participe-da-celebracao-em-homenagem-aos-88-anos-do-padre-wesley\/","title":{"rendered":"Participe da Celebra\u00e7\u00e3o em homenagem aos 88 anos do Padre Sebasti\u00e3o"},"content":{"rendered":"<p style=\"font-weight: 400;\">O Administrador Paroquial da Par\u00f3quia Senhor Deus Menino&nbsp; de&nbsp;Ibicara\u00ed (BA), o Padre Wesley Concei\u00e7\u00e3o do Carmo e a Comunidade Cat\u00f3lica t\u00eam&nbsp;a enorme satisfa\u00e7\u00e3o de convidar as fam\u00edlias e os amigos da, para juntos, celebrarem os 88 anos de vida do Monsenhor&nbsp;Sebasti\u00e3o Bezerra de Oliveira, rendendo gra\u00e7as a Deus pelo dom da sua&nbsp;vida.<\/p>\n<p style=\"font-weight: 400;\">&nbsp;A Celebra\u00e7\u00e3o Eucar\u00edstica acontecer\u00e1 nesta quinta-feira, (06), \u00e0s 19h, na Igreja matriz do Senhor&nbsp;Deus Menino, no centro da cidade.<\/p>\n<p style=\"font-weight: 400;\">A ocasi\u00e3o especial vai contar com a presen\u00e7a do Bispo&nbsp;da Diocese de Itabuna do Sul da Bahia, Dom&nbsp;Carlos Alberto dos Santos, al\u00e9m de padres da diocese de Itabuna e de&nbsp;<br \/>\noutras dioceses circunvizinhas.<\/p>\n<p style=\"font-weight: 400;\">Edi\u00e7\u00e3o&nbsp; e adapta\u00e7\u00e3o de texto: Reda\u00e7\u00e3o\/Portal Cat\u00f3lico<\/p>\n<p style=\"font-weight: 400;\">Informa\u00e7\u00f5es: Par\u00f3quia Senhor Deus Menino de Ibicara\u00ed<\/p>\n","protected":false},"excerpt":{"rendered":"<p>O Administrador Paroquial da Par\u00f3quia Senhor Deus Menino&nbsp; de&nbsp;Ibicara\u00ed (BA), o Padre Wesley Concei\u00e7\u00e3o do Carmo e a Comunidade Cat\u00f3lica t\u00eam&nbsp;a enorme satisfa\u00e7\u00e3o de convidar as fam\u00edlias e os amigos da, para juntos, celebrarem os 88 anos de vida do Monsenhor&nbsp;Sebasti\u00e3o Bezerra de Oliveira, rendendo gra\u00e7as a Deus pelo dom da sua&nbsp;vida. &nbsp;A Celebra\u00e7\u00e3o Eucar\u00edstica&nbsp;<\/p>\n<p><a class=\"btn btn-style\" href=\"http:\/\/portalcatolico.net\/portal\/participe-da-celebracao-em-homenagem-aos-88-anos-do-padre-wesley\/\">Continue Reading<\/a><\/p>\n","protected":false},"author":2,"featured_media":58160,"comment_status":"open","ping_status":"open","sticky":false,"template":"","format":"standard","meta":{"footnotes":""},"categories":[1],"tags":[],"class_list":["post-58159","post","type-post","status-publish","format-standard","has-post-thumbnail","hentry","category-agenda"],"_links":{"self":[{"href":"http:\/\/portalcatolico.net\/portal\/wp-json\/wp\/v2\/posts\/58159","targetHints":{"allow":["GET"]}}],"collection":[{"href":"http:\/\/portalcatolico.net\/portal\/wp-json\/wp\/v2\/posts"}],"about":[{"href":"http:\/\/portalcatolico.net\/portal\/wp-json\/wp\/v2\/types\/post"}],"author":[{"embeddable":true,"href":"http:\/\/portalcatolico.net\/portal\/wp-json\/wp\/v2\/users\/2"}],"replies":[{"embeddable":true,"href":"http:\/\/portalcatolico.net\/portal\/wp-json\/wp\/v2\/comments?post=58159"}],"version-history":[{"count":2,"href":"http:\/\/portalcatolico.net\/portal\/wp-json\/wp\/v2\/posts\/58159\/revisions"}],"predecessor-version":[{"id":58162,"href":"http:\/\/portalcatolico.net\/portal\/wp-json\/wp\/v2\/posts\/58159\/revisions\/58162"}],"wp:featuredmedia":[{"embeddable":true,"href":"http:\/\/portalcatolico.net\/portal\/wp-json\/wp\/v2\/media\/58160"}],"wp:attachment":[{"href":"http:\/\/portalcatolico.net\/portal\/wp-json\/wp\/v2\/media?parent=58159"}],"wp:term":[{"taxonomy":"category","embeddable":true,"href":"http:\/\/portalcatolico.net\/portal\/wp-json\/wp\/v2\/categories?post=58159"},{"taxonomy":"post_tag","embeddable":true,"href":"http:\/\/portalcatolico.net\/portal\/wp-json\/wp\/v2\/tags?post=58159"}],"curies":[{"name":"wp","href":"https:\/\/api.w.org\/{rel}","templated":true}]}}