{"id":58156,"date":"2018-09-05T16:45:19","date_gmt":"2018-09-05T19:45:19","guid":{"rendered":"http:\/\/portalcatolico.net\/portal\/?p=58156"},"modified":"2018-09-05T21:45:44","modified_gmt":"2018-09-06T00:45:44","slug":"legiao-de-maria-celebrara-aniversario-na-catedral","status":"publish","type":"post","link":"http:\/\/portalcatolico.net\/portal\/legiao-de-maria-celebrara-aniversario-na-catedral\/","title":{"rendered":"Legi\u00e3o de Maria celebrar\u00e1 anivers\u00e1rio na Catedral"},"content":{"rendered":"<p class=\"textopadrao\">No dia 7 de setembro, a Legi\u00e3o de Maria estar\u00e1 comemorando 97 anos de sua funda\u00e7\u00e3o, em Dublin, na Irlanda, e 67 anos de presen\u00e7a no Brasil. O Senatus Assumpta do Rio de Janeiro reunir\u00e1 todos os seus conselhos afiliados numa grande celebra\u00e7\u00e3o na Catedral Metropolitana de S\u00e3o Sebasti\u00e3o. \u00c0s 14h, ter\u00e1 in\u00edcio a recita\u00e7\u00e3o do Ter\u00e7o de Nossa Senhora, seguido das ora\u00e7\u00f5es iniciais da Tessera legion\u00e1ria. Logo ap\u00f3s, haver\u00e1 a Coroa\u00e7\u00e3o da imagem de Nossa Senhora, pelos legion\u00e1rios juvenis, e, na sequ\u00eancia, missa presidida pelo diretor espiritual do Senatus-RJ, padre F\u00e1bio da Silveira Siqueira, e concelebrada pelos demais diretores espirituais da Legi\u00e3o de Maria no Regional Leste 1.<\/p>\n<p class=\"textopadrao\">Na ocasi\u00e3o, a missa ser\u00e1 oferecida, tamb\u00e9m, pela alma da \u00faltima cofundadora da Legi\u00e3o no Brasil, Yolanda Ribeiro, que regressou \u00e0 Casa do Pai no dia 10 de agosto, aos 95 anos. Celibat\u00e1ria convicta, embora a associa\u00e7\u00e3o n\u00e3o exija os votos, deixou uma legi\u00e3o de filhos e filhas espirituais, co-herdeiros de seu legado em todo o pa\u00eds. O incans\u00e1vel e fecundo apostolado que desempenhou, com muita coragem, ousadia e intrepidez, fez dela a maior extensionista da Legi\u00e3o de Maria, em terras brasileiras, sendo esta a marca indel\u00e9vel de sua atua\u00e7\u00e3o como fiel leiga.<\/p>\n<p class=\"entretitulo\"><strong>Conhecendo um pouco a Legi\u00e3o de Maria<\/strong><\/p>\n<p class=\"textopadrao\">A Legi\u00e3o de Maria \u00e9 uma Associa\u00e7\u00e3o Internacional de Fi\u00e9is, fundada em 1921, em Dublin &#8211; Irlanda, por um jovem funcion\u00e1rio p\u00fablico, o Servo de Deus Frank Duff, hoje em processo de beatifica\u00e7\u00e3o. No Brasil, a associa\u00e7\u00e3o surgiu ainda em 1950, por\u00e9m s\u00f3 em 24 de outubro de 1951 obteve o reconhecimento oficial do ent\u00e3o Cardeal Dom Jaime de Barros C\u00e2mara.<\/p>\n<p class=\"textopadrao\">Frank Duff se inspirou na estrutura organizacional do ex\u00e9rcito da antiga Legi\u00e3o Romana, para sugerir o nome Legio Mariae; de consequ\u00eancia, ressignificou s\u00edmbolos do ex\u00e9rcito romano e adotou a sua nomenclatura, quase toda ela em latim.&nbsp;<em>Catena Legionis, vexillum, tessera<\/em>,&nbsp;<em>praesidium, curia, regia, comitium, concilium<\/em>&nbsp;etc. s\u00e3o termos que expressam a identidade e a unidade entre os membros, como tamb\u00e9m sua comunh\u00e3o com a Igreja de Roma, ao conservar certa familiaridade com a l\u00edngua oficial da Igreja Cat\u00f3lica.<\/p>\n<p class=\"textopadrao\">Sua terminologia ajuda na particulariza\u00e7\u00e3o e distin\u00e7\u00e3o do que \u00e9 pr\u00f3prio e exclusivo, ou antes, privativo da Legi\u00e3o de Maria; tamb\u00e9m garante ao legion\u00e1rio que, onde ele estiver, poder\u00e1 participar das atividades e reuni\u00f5es legion\u00e1rias, sem preju\u00edzo de compreender o que seja essencial. Em qualquer lugar do mundo, onde ouvir dizer \u201cCatena Legionis\u201d, \u201ctessera\u201d, \u201cAcies\u201d ou ainda \u201cPraesidium\u201d, o legion\u00e1rio, imediatamente, sabe do que se est\u00e1 falando e como deve proceder. Assim, para os legion\u00e1rios, toda a nomenclatura torna-se uma senha, que os distingue, identifica e, por isso mesmo, unifica-os onde quer que estejam.<\/p>\n<p class=\"textopadrao\">Chama-se&nbsp;<em>praesidium<\/em>&nbsp;cada grupo de at\u00e9 15 membros. Cada&nbsp;<em>praesidium<\/em>&nbsp;recebe sempre o nome de um t\u00edtulo de Nossa Senhora, n\u00e3o raro, tamb\u00e9m em latim, embora isto n\u00e3o seja obrigat\u00f3rio. O primeiro&nbsp;<em>praesidium<\/em>&nbsp;do Brasil, iniciado em 1950, foi fundado com o nome de&nbsp;<em>Refugium Peccatorum<\/em>, pelo religioso saletino Ir. Jo\u00e3o Creff, sendo cofundadoras Yolanda e outras dez jovens. Est\u00e1 ativo at\u00e9 hoje com reuni\u00f5es semanais que acontecem no Santu\u00e1rio de F\u00e1tima da Rua do Riachuelo, desde a sua funda\u00e7\u00e3o, h\u00e1 67 anos.&nbsp;<\/p>\n<p class=\"textopadrao\">Segundo define o manual da associa\u00e7\u00e3o, a Legi\u00e3o de Maria tem como finalidade \u201ca gl\u00f3ria de Deus, por meio da santifica\u00e7\u00e3o dos seus membros, pela ora\u00e7\u00e3o e coopera\u00e7\u00e3o ativa, sob a dire\u00e7\u00e3o da autoridade eclesi\u00e1stica, na obra de Maria e da Igreja: o esmagamento da cabe\u00e7a da serpente e a extens\u00e3o do reino de Cristo\u201d. A menos que o&nbsp;<em>Concilium<\/em>aprove, e consideradas as reservas apontadas no manual oficial, \u201ca Legi\u00e3o de Maria est\u00e1 \u00e0 disposi\u00e7\u00e3o do bispo da diocese e do p\u00e1roco para toda e qualquer forma de servi\u00e7o social e de a\u00e7\u00e3o cat\u00f3lica que estas autoridades julguem convenientes aos legion\u00e1rios e \u00fatil \u00e0 Igreja\u201d (\u201cManual da Legi\u00e3o de Maria\u201d, cap. 1, ed. 1996, p. 11). Por sua atua\u00e7\u00e3o no mundo, a associa\u00e7\u00e3o conquistou o cora\u00e7\u00e3o do Papa S\u00e3o Jo\u00e3o XXIII, que assim a definiu: \u201ca Legi\u00e3o de Maria apresenta a verdadeira face da Igreja Cat\u00f3lica\u201d.(Arqrio)<\/p>\n<p>Por: Fl\u00e1via Muniz<\/p>\n","protected":false},"excerpt":{"rendered":"<p>No dia 7 de setembro, a Legi\u00e3o de Maria estar\u00e1 comemorando 97 anos de sua funda\u00e7\u00e3o, em Dublin, na Irlanda, e 67 anos de presen\u00e7a no Brasil. O Senatus Assumpta do Rio de Janeiro reunir\u00e1 todos os seus conselhos afiliados numa grande celebra\u00e7\u00e3o na Catedral Metropolitana de S\u00e3o Sebasti\u00e3o. \u00c0s 14h, ter\u00e1 in\u00edcio a recita\u00e7\u00e3o&nbsp;<\/p>\n<p><a class=\"btn btn-style\" href=\"http:\/\/portalcatolico.net\/portal\/legiao-de-maria-celebrara-aniversario-na-catedral\/\">Continue Reading<\/a><\/p>\n","protected":false},"author":2,"featured_media":58157,"comment_status":"open","ping_status":"open","sticky":false,"template":"","format":"standard","meta":{"footnotes":""},"categories":[1],"tags":[],"class_list":["post-58156","post","type-post","status-publish","format-standard","has-post-thumbnail","hentry","category-agenda"],"_links":{"self":[{"href":"http:\/\/portalcatolico.net\/portal\/wp-json\/wp\/v2\/posts\/58156","targetHints":{"allow":["GET"]}}],"collection":[{"href":"http:\/\/portalcatolico.net\/portal\/wp-json\/wp\/v2\/posts"}],"about":[{"href":"http:\/\/portalcatolico.net\/portal\/wp-json\/wp\/v2\/types\/post"}],"author":[{"embeddable":true,"href":"http:\/\/portalcatolico.net\/portal\/wp-json\/wp\/v2\/users\/2"}],"replies":[{"embeddable":true,"href":"http:\/\/portalcatolico.net\/portal\/wp-json\/wp\/v2\/comments?post=58156"}],"version-history":[{"count":1,"href":"http:\/\/portalcatolico.net\/portal\/wp-json\/wp\/v2\/posts\/58156\/revisions"}],"predecessor-version":[{"id":58158,"href":"http:\/\/portalcatolico.net\/portal\/wp-json\/wp\/v2\/posts\/58156\/revisions\/58158"}],"wp:featuredmedia":[{"embeddable":true,"href":"http:\/\/portalcatolico.net\/portal\/wp-json\/wp\/v2\/media\/58157"}],"wp:attachment":[{"href":"http:\/\/portalcatolico.net\/portal\/wp-json\/wp\/v2\/media?parent=58156"}],"wp:term":[{"taxonomy":"category","embeddable":true,"href":"http:\/\/portalcatolico.net\/portal\/wp-json\/wp\/v2\/categories?post=58156"},{"taxonomy":"post_tag","embeddable":true,"href":"http:\/\/portalcatolico.net\/portal\/wp-json\/wp\/v2\/tags?post=58156"}],"curies":[{"name":"wp","href":"https:\/\/api.w.org\/{rel}","templated":true}]}}